{"id":18364,"date":"2024-04-23T14:43:01","date_gmt":"2024-04-23T14:43:01","guid":{"rendered":"http:\/\/staging.ibermusicas.org\/?p=18364"},"modified":"2024-08-28T18:17:15","modified_gmt":"2024-08-28T18:17:15","slug":"renovacao-de-autoridades-do-programa-ibermusicas-na-xxi-reuniao-do-conselho-intergovernamental","status":"publish","type":"post","link":"http:\/\/staging.ibermusicas.org\/index.php\/renovacao-de-autoridades-do-programa-ibermusicas-na-xxi-reuniao-do-conselho-intergovernamental\/","title":{"rendered":"Brasil assume presid\u00eancia do Programa Iberm\u00fasicas"},"content":{"rendered":"<p><span style=\"font-weight: 400;\">O Programa Iberm\u00fasicas acaba de eleger a nova presid\u00eancia do seu Conselho Intergovernamental.\u00a0<\/span><\/p>\n<p><span style=\"font-weight: 400;\">A Diretora de M\u00fasica da Funda\u00e7\u00e3o Nacional de Artes do Brasil, Eul\u00edcia Esteves, \u00e9 a nova presidenta. Ela assume o posto no lugar de Camila Gallardo Valenzuela, representante do Chile.<\/span><\/p>\n<p><span style=\"font-weight: 400;\">Reunidos no Chile, entre os dias 17 e 20 de abril, os conselheiros foram un\u00e2nimes na escolha do Brasil para o exerc\u00edcio do pr\u00f3ximo mandato de tr\u00eas anos. \u00c9 a primeira vez que um pa\u00eds de l\u00edngua portuguesa assume este posto. \u00c9 a segunda vez que uma mulher assume o comando do programa.<\/span><\/p>\n<p><span style=\"font-weight: 400;\">A elei\u00e7\u00e3o do Brasil refor\u00e7a o compromisso do Iberm\u00fasicas com o multilinguismo, com a diversidade musical e cultural, e tamb\u00e9m reconhece o quanto o pa\u00eds tem contribu\u00eddo para a amplia\u00e7\u00e3o e o desenvolvimento do Programa.<\/span><\/p>\n<p><span style=\"font-weight: 400;\">O Brasil aderiu ao Iberm\u00fasicas em 2012 e Eul\u00edcia Esteves participou de suas primeiras reuni\u00f5es. Para ela, <\/span><i><span style=\"font-weight: 400;\">\u00ab\u00e9 uma honra, uma grande responsabilidade e uma felicidade poder presidir este Conselho. O Programa Iberm\u00fasicas afirma, dia a dia, a nossa capacidade de seguir construindo um mundo melhor, no qual a m\u00fasica, al\u00e9m de espalhar beleza, tamb\u00e9m aproxima os povos, favorece a solidariedade e contribui para o desenvolvimento humano, social e econ\u00f4mico\u00bb.<\/span><\/i><\/p>\n<p><span style=\"font-weight: 400;\">O Programa registrou tamb\u00e9m a renova\u00e7\u00e3o do Comit\u00ea Executivo, que agora \u00e9 formado por Col\u00f4mbia, Costa Rica, M\u00e9xico, Peru e Portugal e a presid\u00eancia do Programa.<\/span><\/p>\n<p><span style=\"font-weight: 400;\">Dessa vez, a reuni\u00e3o aconteceu num contexto especial, simultaneamente ao MICSUR, Mercado das Ind\u00fastrias Culturais do Sul, tamb\u00e9m realizado em Santiago de Chile. Mais que conveniente, a concomit\u00e2ncia foi f\u00e9rtil, pois criou boas conex\u00f5es entre os dois eventos, como a realiza\u00e7\u00e3o de pain\u00e9is sobre o Iberm\u00fasicas na programa\u00e7\u00e3o do mercado e a apresenta\u00e7\u00e3o do projeto ganhador da convocat\u00f3ria \u00abChile MICSUR Iberm\u00fasicas\u00bb na sua cerim\u00f4nia de encerramento.<\/span><\/p>\n<p><span style=\"font-weight: 400;\">Parabenizamos o Chile pelo grande trabalho realizado durante o seu mandato e agradecemos os esfor\u00e7os e a dedica\u00e7\u00e3o de Camila Gallardo Valenzuela, Secret\u00e1ria Executiva do Conselho de Fomento da M\u00fasica Nacional do Minist\u00e9rio das Culturas, das Artes e do Patrim\u00f4nio do Chile.<\/span><\/p>\n","protected":false},"excerpt":{"rendered":"<p>O Programa Iberm\u00fasicas acaba de eleger a nova presid\u00eancia do seu Conselho Intergovernamental.\u00a0 A Diretora de M\u00fasica da Funda\u00e7\u00e3o Nacional de Artes do Brasil, Eul\u00edcia Esteves, \u00e9 a nova presidenta. Ela assume o posto no lugar de Camila Gallardo Valenzuela, representante do Chile. Reunidos no Chile, entre os dias 17 e 20 de abril, os [&hellip;]<\/p>\n","protected":false},"author":7,"featured_media":18362,"comment_status":"closed","ping_status":"closed","sticky":false,"template":"","format":"standard","meta":{"footnotes":""},"categories":[218],"tags":[],"class_list":["post-18364","post","type-post","status-publish","format-standard","has-post-thumbnail","hentry","category-noticias-generales-pt"],"lang":"pt","translations":{"pt":18364,"es":18361},"pll_sync_post":[],"post_mailing_queue_ids":[],"_links":{"self":[{"href":"http:\/\/staging.ibermusicas.org\/index.php\/wp-json\/wp\/v2\/posts\/18364","targetHints":{"allow":["GET"]}}],"collection":[{"href":"http:\/\/staging.ibermusicas.org\/index.php\/wp-json\/wp\/v2\/posts"}],"about":[{"href":"http:\/\/staging.ibermusicas.org\/index.php\/wp-json\/wp\/v2\/types\/post"}],"author":[{"embeddable":true,"href":"http:\/\/staging.ibermusicas.org\/index.php\/wp-json\/wp\/v2\/users\/7"}],"replies":[{"embeddable":true,"href":"http:\/\/staging.ibermusicas.org\/index.php\/wp-json\/wp\/v2\/comments?post=18364"}],"version-history":[{"count":2,"href":"http:\/\/staging.ibermusicas.org\/index.php\/wp-json\/wp\/v2\/posts\/18364\/revisions"}],"predecessor-version":[{"id":18372,"href":"http:\/\/staging.ibermusicas.org\/index.php\/wp-json\/wp\/v2\/posts\/18364\/revisions\/18372"}],"wp:featuredmedia":[{"embeddable":true,"href":"http:\/\/staging.ibermusicas.org\/index.php\/wp-json\/wp\/v2\/media\/18362"}],"wp:attachment":[{"href":"http:\/\/staging.ibermusicas.org\/index.php\/wp-json\/wp\/v2\/media?parent=18364"}],"wp:term":[{"taxonomy":"category","embeddable":true,"href":"http:\/\/staging.ibermusicas.org\/index.php\/wp-json\/wp\/v2\/categories?post=18364"},{"taxonomy":"post_tag","embeddable":true,"href":"http:\/\/staging.ibermusicas.org\/index.php\/wp-json\/wp\/v2\/tags?post=18364"}],"curies":[{"name":"wp","href":"https:\/\/api.w.org\/{rel}","templated":true}]}}