{"id":18366,"date":"2024-04-23T16:51:48","date_gmt":"2024-04-23T16:51:48","guid":{"rendered":"http:\/\/staging.ibermusicas.org\/?p=18366"},"modified":"2024-06-03T16:56:49","modified_gmt":"2024-06-03T16:56:49","slug":"ibermusicas-lanzara-proximamente-nuevas-convocatorias-y-nuevas-herramientas-para-fomentar-los-intercambios","status":"publish","type":"post","link":"http:\/\/staging.ibermusicas.org\/index.php\/ibermusicas-lanzara-proximamente-nuevas-convocatorias-y-nuevas-herramientas-para-fomentar-los-intercambios\/","title":{"rendered":"Iberm\u00fasicas lanzar\u00e1 pr\u00f3ximamente nuevas convocatorias y nuevas herramientas para fomentar los intercambios"},"content":{"rendered":"<p><span style=\"font-weight: 400;\">Creaci\u00f3n de nuevas convocatorias, ajustes en las l\u00edneas de apoyo, el proyecto Iberm\u00fasicas Global (plataforma de encuentros) y el cat\u00e1logo iberoamericano de partituras: el Programa Iberm\u00fasicas anuncia muchas novedades para el pr\u00f3ximo ciclo.<\/span><\/p>\n<p>&nbsp;<\/p>\n<p><span style=\"font-weight: 400;\">Entre el 17 y el 20 de abril se reunieron en Santiago de Chile representantes de los 15 pa\u00edses que actualmente integran el Consejo Intergubernamental de Iberm\u00fasicas. Como cada a\u00f1o, evaluaron los resultados de las \u00faltimas convocatorias y debatieron sobre la orientaci\u00f3n del Programa, buscando mejorar las l\u00edneas de promoci\u00f3n y ofrecer otro tipo de apoyos y herramientas a los agentes del sector musical.<\/span><\/p>\n<p>&nbsp;<\/p>\n<p><b>\u00bfQu\u00e9 va a cambiar?<\/b><\/p>\n<p>&nbsp;<\/p>\n<ul>\n<li style=\"font-weight: 400;\" aria-level=\"1\"><span style=\"font-weight: 400;\">Entre los cambios previstos est\u00e1 el aumento de la cuant\u00eda de las ayudas para residencias art\u00edsticas, que ser\u00e1n de hasta cinco mil d\u00f3lares. Adem\u00e1s, la convocatoria de residencias estar\u00e1 abierta a individuos y grupos, pero no s\u00f3lo a compositores. Tambi\u00e9n se aceptar\u00e1n proyectos de investigaci\u00f3n en territorio, intercambios de directores de orquesta y otros proyectos destinados a desarrollar el trabajo con la instituci\u00f3n o agrupaci\u00f3n musical anfitriona.<\/span><\/li>\n<\/ul>\n<p>&nbsp;<\/p>\n<ul>\n<li style=\"font-weight: 400;\" aria-level=\"1\"><span style=\"font-weight: 400;\">Otro cambio importante se producir\u00e1 en la l\u00ednea de \u00abAyudas a la programaci\u00f3n iberoamericana\u00bb. Los programadores (de festivales, ferias y mercados de m\u00fasica, salas de conciertos, escuelas de m\u00fasica, etc.) podr\u00e1n presentar solicitudes para posibilitar el desplazamiento de agentes musicales de todo el mundo. As\u00ed, un festival de m\u00fasica, por ejemplo, podr\u00e1 presentar una propuesta para invitar a participar en su programaci\u00f3n a artistas, conferenciantes, bookers y otros agentes del sector, ya sean de Iberoam\u00e9rica o de cualquier parte del mundo. Conviene recordar que esta l\u00ednea s\u00f3lo cubre los gastos de transporte (a\u00e9reo, terrestre o fluvial).<\/span><\/li>\n<\/ul>\n<p>&nbsp;<\/p>\n<ul>\n<li style=\"font-weight: 400;\" aria-level=\"1\"><span style=\"font-weight: 400;\">El ya cl\u00e1sico Concurso de Creaci\u00f3n de Canciones en Colaboraci\u00f3n tendr\u00e1 un nuevo enfoque. Este a\u00f1o, el concurso estar\u00e1 orientado espec\u00edficamente a las canciones para ni\u00f1os. Un campo en el que las m\u00fasicas iberoamericanas tienen una gran importancia. Iberm\u00fasicas concibe la infancia como el reino de la sorpresa, del descubrimiento, de la maravilla de un mundo que renace con cada nuevo d\u00eda.<\/span><\/li>\n<\/ul>\n<p>&nbsp;<\/p>\n<p><b>Las nuevas propuestas<\/b><\/p>\n<p>&nbsp;<\/p>\n<ul>\n<li style=\"font-weight: 400;\" aria-level=\"1\"><span style=\"font-weight: 400;\">Por primera vez, habr\u00e1 una l\u00ednea de apoyo destinada a los ciudadanos de los pa\u00edses de la Comunidad de Pa\u00edses de Lengua Portuguesa situados en \u00c1frica (Angola, Cabo Verde, Guinea-Bissau, Guinea Ecuatorial, Mozambique, Santo Tom\u00e9 y Pr\u00edncipe) y Asia (Timor Oriental). Por iniciativa de Brasil y Portugal, la l\u00ednea de apoyo se cre\u00f3 para facilitar la circulaci\u00f3n de artistas y agentes musicales de la CPLP en la regi\u00f3n iberoamericana.<\/span><\/li>\n<\/ul>\n<p>&nbsp;<\/p>\n<ul>\n<li style=\"font-weight: 400;\" aria-level=\"1\"><span style=\"font-weight: 400;\">Las novedades no acaban aqu\u00ed. Pr\u00f3ximamente se lanzar\u00e1 el Cat\u00e1logo Iberoamericano de partituras, una importante plataforma de difusi\u00f3n de la m\u00fasica de los pa\u00edses que integran el Programa. Con varios filtros de b\u00fasqueda (por instrumentaci\u00f3n, autor, pa\u00eds, etc.), el cat\u00e1logo ampliar\u00e1 el acceso a la \u00abm\u00fasica escrita\u00bb, facilitando la b\u00fasqueda y el descubrimiento de nuevos repertorios.<\/span><\/li>\n<\/ul>\n<p>&nbsp;<\/p>\n<ul>\n<li style=\"font-weight: 400;\" aria-level=\"1\"><span style=\"font-weight: 400;\">Tambi\u00e9n llegan los speed meetings online con el fin de reunir a compradores y proveedores de servicios y productos musicales. Iberm\u00fasicas est\u00e1 a punto de lanzar su plataforma de encuentros empresariales con el objetivo de fortalecer el entramado de la producci\u00f3n musical en su conjunto. A lo largo del a\u00f1o, el programa lanzar\u00e1 \u00abminiconvocatorias\u00bb para atender las demandas espec\u00edficas de los compradores que ya se est\u00e1n sumando a la idea. De este modo, espera promover r\u00e1pidamente conexiones que se conviertan en invitaciones, asociaciones y contratos.<\/span><\/li>\n<\/ul>\n<p>&nbsp;<\/p>\n<p><b>Las convocatorias se lanzar\u00e1n el 1 de junio<\/b><\/p>\n<p>&nbsp;<\/p>\n<ul>\n<li style=\"font-weight: 400;\" aria-level=\"1\"><span style=\"font-weight: 400;\">Iberm\u00fasicas lanzar\u00e1 14 convocatorias (concursos y convocatorias p\u00fablicas). La l\u00ednea de Ayudas a la Circulaci\u00f3n se mantiene y est\u00e1 dirigida a agentes musicales que deseen viajar a cualquier pa\u00eds del mundo. El apoyo es de hasta 8.000 d\u00f3lares en pasajes a\u00e9reos, terrestres o fluviales.<\/span><\/li>\n<\/ul>\n<p>&nbsp;<\/p>\n<ul>\n<li style=\"font-weight: 400;\" aria-level=\"1\"><span style=\"font-weight: 400;\">Adem\u00e1s se lanzar\u00e1n Ayudas a la Programaci\u00f3n Iberoamericana; Ayudas a Residencias (habr\u00e1 dos convocatorias: para agentes que quieran hacer residencias en otros pa\u00edses y para instituciones \/ agrupaciones musicales que quieran acoger residentes); Ayudas o a la Especializaci\u00f3n; Ayudas en Modalidad Virtual, la convocatoria MidAtlantic (s\u00f3lo para circulaci\u00f3n en EEUU); el Premio de Composici\u00f3n de Obra Coral; el Premio de Composici\u00f3n de M\u00fasica para Ni\u00f1os; la convocatoria especial Viagens pela L\u00edngua Portuguesa; la convocatoria para la interpretaci\u00f3n de obras del Cat\u00e1logo Iberoamericano de Partituras; el Premio Especial Brasil Iberm\u00fasicas; el Premio Especial Colombia Iberm\u00fasicas y el Premio Especial Per\u00fa Iberm\u00fasicas.<\/span><\/li>\n<\/ul>\n<p>&nbsp;<\/p>\n<p><b>Estrechando lazos con todos los pa\u00edses de lengua portuguesa<\/b><\/p>\n<p>&nbsp;<\/p>\n<ul>\n<li style=\"font-weight: 400;\" aria-level=\"1\"><span style=\"font-weight: 400;\">Muy relevante para este encuentro fue la presencia de D. Jo\u00e3o Boaventura Ima-Panzo, Director de Acci\u00f3n Cultural y Lengua Portuguesa de la Comunidad de Pa\u00edses de Lengua Portuguesa (CPLP). Su presencia marc\u00f3 la gran importancia que tiene para el Programa Iberm\u00fasicas acercarse a todos los pa\u00edses de lengua portuguesa en busca de una hermandad que los aproxime y, al mismo tiempo, esfume las fronteras y distancias f\u00edsicas entre los pa\u00edses de la CPLP y los del espacio iberoamericano. Fue un hito significativo en el fortalecimiento de los lazos entre Iberm\u00fasicas y los pa\u00edses que tienen la lengua portuguesa como patrimonio cultural.\u00a0<\/span><\/li>\n<\/ul>\n<p>&nbsp;<\/p>\n<ul>\n<li style=\"font-weight: 400;\" aria-level=\"1\"><span style=\"font-weight: 400;\">En esta ocasi\u00f3n, se compartieron diversas ideas y propuestas centradas en la m\u00fasica y en la armonizaci\u00f3n de perspectivas. Creemos que este encuentro representa s\u00f3lo el primer paso de muchas innovaciones futuras entre el Programa Iberm\u00fasicas y la CPLP, ya que no hay barreras para la diversidad cultural y el multiling\u00fcismo cuando de m\u00fasica se trata.<\/span><\/li>\n<\/ul>\n","protected":false},"excerpt":{"rendered":"<p>Creaci\u00f3n de nuevas convocatorias, ajustes en las l\u00edneas de apoyo, el proyecto Iberm\u00fasicas Global (plataforma de encuentros) y el cat\u00e1logo iberoamericano de partituras: el Programa Iberm\u00fasicas anuncia muchas novedades para el pr\u00f3ximo ciclo. &nbsp; Entre el 17 y el 20 de abril se reunieron en Santiago de Chile representantes de los 15 pa\u00edses que actualmente [&hellip;]<\/p>\n","protected":false},"author":7,"featured_media":18367,"comment_status":"closed","ping_status":"closed","sticky":false,"template":"","format":"standard","meta":{"footnotes":""},"categories":[53],"tags":[],"class_list":["post-18366","post","type-post","status-publish","format-standard","has-post-thumbnail","hentry","category-noticias-generales"],"lang":"es","translations":{"es":18366,"pt":18369},"pll_sync_post":[],"post_mailing_queue_ids":[],"_links":{"self":[{"href":"http:\/\/staging.ibermusicas.org\/index.php\/wp-json\/wp\/v2\/posts\/18366","targetHints":{"allow":["GET"]}}],"collection":[{"href":"http:\/\/staging.ibermusicas.org\/index.php\/wp-json\/wp\/v2\/posts"}],"about":[{"href":"http:\/\/staging.ibermusicas.org\/index.php\/wp-json\/wp\/v2\/types\/post"}],"author":[{"embeddable":true,"href":"http:\/\/staging.ibermusicas.org\/index.php\/wp-json\/wp\/v2\/users\/7"}],"replies":[{"embeddable":true,"href":"http:\/\/staging.ibermusicas.org\/index.php\/wp-json\/wp\/v2\/comments?post=18366"}],"version-history":[{"count":1,"href":"http:\/\/staging.ibermusicas.org\/index.php\/wp-json\/wp\/v2\/posts\/18366\/revisions"}],"predecessor-version":[{"id":18368,"href":"http:\/\/staging.ibermusicas.org\/index.php\/wp-json\/wp\/v2\/posts\/18366\/revisions\/18368"}],"wp:featuredmedia":[{"embeddable":true,"href":"http:\/\/staging.ibermusicas.org\/index.php\/wp-json\/wp\/v2\/media\/18367"}],"wp:attachment":[{"href":"http:\/\/staging.ibermusicas.org\/index.php\/wp-json\/wp\/v2\/media?parent=18366"}],"wp:term":[{"taxonomy":"category","embeddable":true,"href":"http:\/\/staging.ibermusicas.org\/index.php\/wp-json\/wp\/v2\/categories?post=18366"},{"taxonomy":"post_tag","embeddable":true,"href":"http:\/\/staging.ibermusicas.org\/index.php\/wp-json\/wp\/v2\/tags?post=18366"}],"curies":[{"name":"wp","href":"https:\/\/api.w.org\/{rel}","templated":true}]}}