{"id":18369,"date":"2024-04-24T16:08:37","date_gmt":"2024-04-24T16:08:37","guid":{"rendered":"http:\/\/staging.ibermusicas.org\/?p=18369"},"modified":"2024-06-03T17:02:06","modified_gmt":"2024-06-03T17:02:06","slug":"ibermusicas-lancara-em-breve-novos-editais-e-novas-ferramentas-para-promocao-de-intercambios","status":"publish","type":"post","link":"http:\/\/staging.ibermusicas.org\/index.php\/ibermusicas-lancara-em-breve-novos-editais-e-novas-ferramentas-para-promocao-de-intercambios\/","title":{"rendered":"Iberm\u00fasicas lan\u00e7ar\u00e1 em breve novos editais e novas ferramentas para promo\u00e7\u00e3o de interc\u00e2mbios"},"content":{"rendered":"<p><span style=\"font-weight: 400;\">Cria\u00e7\u00e3o de novas convocat\u00f3rias, ajustes nas linhas de apoio, projeto Iberm\u00fasicas Global (plataforma de meetings) e cat\u00e1logo ibero-americano de partituras: o Programa Iberm\u00fasicas anuncia muitas novidades para o pr\u00f3ximo ciclo.<\/span><\/p>\n<p>&nbsp;<\/p>\n<p><span style=\"font-weight: 400;\">Entre os dias 17 e 20 de abril, os representantes dos 15 pa\u00edses que atualmente integram o Conselho Intergovernamental Iberm\u00fasicas reuniram-se em Santiago, no Chile. Como acontece todos os anos, elas e eles avaliaram os resultados dos \u00faltimos editais e debateram os rumos do Programa, buscando aprimorar as linhas de fomento e oferecer outros tipos de apoio e ferramentas aos agentes do setor musical.<\/span><\/p>\n<p>&nbsp;<\/p>\n<p><b>O que muda?<\/b><\/p>\n<p>&nbsp;<\/p>\n<ul>\n<li style=\"font-weight: 400;\" aria-level=\"1\"><span style=\"font-weight: 400;\">Entre as mudan\u00e7as previstas, est\u00e1 o aumento do valor do apoio a resid\u00eancias art\u00edsticas, que ser\u00e1 de at\u00e9 cinco mil d\u00f3lares. Al\u00e9m disso, a convocat\u00f3ria para resid\u00eancias ser\u00e1 aberta para indiv\u00edduos e grupos, mas n\u00e3o s\u00f3 para compositores. Tamb\u00e9m ser\u00e3o aceitos projetos de pesquisa de campo, interc\u00e2mbio de regentes, entre outros projetos cujo objetivo seja o desenvolvimento de um trabalho junto a institui\u00e7\u00e3o ou grupo musical de acolhida.<\/span><\/li>\n<\/ul>\n<p>&nbsp;<\/p>\n<ul>\n<li style=\"font-weight: 400;\" aria-level=\"1\"><span style=\"font-weight: 400;\">Outra mudan\u00e7a importante vai acontecer na linha \u00abApoio \u00e0 Programa\u00e7\u00e3o Iberoamericana\u00bb. Os programadores (de festivais, feiras e mercados de m\u00fasica, casas de espet\u00e1culo, escolas de m\u00fasica etc.) poder\u00e3o se candidatar para viabilizar o deslocamento de agentes musicais do mundo todo. Assim, um festival de m\u00fasica, por exemplo, poder\u00e1 apresentar proposta de convite a artistas, palestrantes, bookers e demais agentes do setor, sejam eles e elas ibero-americanos ou de qualquer parte do mundo, para participar de sua programa\u00e7\u00e3o. Mas vale lembrar que esta linha s\u00f3 cobre gastos com transporte (a\u00e9reo, terrestre ou fluvial).<\/span><\/li>\n<\/ul>\n<ul>\n<li style=\"font-weight: 400;\" aria-level=\"1\"><span style=\"font-weight: 400;\">O j\u00e1 cl\u00e1ssico Concurso de Cria\u00e7\u00e3o de Can\u00e7\u00e3o em Parceria ter\u00e1 um novo foco. Este ano, o concurso ser\u00e1 orientado especialmente \u00e0 can\u00e7\u00e3o para as inf\u00e2ncias. Um \u00e2mbito onde a can\u00e7\u00e3o ibero-americana tem grande import\u00e2ncia. Iberm\u00fasicas entende o olhar da inf\u00e2ncia como o reinado da surpresa, do descobrimento, da maravilha de um mundo que volta a nascer a cada novo dia.<\/span><\/li>\n<\/ul>\n<p>&nbsp;<\/p>\n<p><b>As novas propostas<\/b><\/p>\n<p>&nbsp;<\/p>\n<ul>\n<li style=\"font-weight: 400;\" aria-level=\"1\"><span style=\"font-weight: 400;\">Pela primeira vez, haver\u00e1 uma linha de apoio destinada a cidad\u00e3os e cidad\u00e3s dos pa\u00edses da Comunidade de Pa\u00edses de L\u00edngua Portuguesa localizados na \u00c1frica (Angola, Cabo Verde, Guin\u00e9-Bissau, Guin\u00e9 Equatorial, Mo\u00e7ambique, S\u00e3o Tom\u00e9 e Pr\u00edncipe) e na \u00c1sia (Timor Leste). Por iniciativa de Brasil e Portugal, a linha de apoio foi criada para facilitar a circula\u00e7\u00e3o de artistas e agentes musicais da CPLP na regi\u00e3o Ibero-Americana.<\/span><\/li>\n<\/ul>\n<p>&nbsp;<\/p>\n<ul>\n<li style=\"font-weight: 400;\" aria-level=\"1\"><span style=\"font-weight: 400;\">As novidades n\u00e3o param por a\u00ed. Em breve, ser\u00e1 lan\u00e7ado o Cat\u00e1logo Iberoamericano de partituras, importante plataforma de difus\u00e3o das m\u00fasicas dos pa\u00edses que comp\u00f5em o Programa. Com diversos filtros de busca (por instrumenta\u00e7\u00e3o, autor, pa\u00eds etc.), o cat\u00e1logo ampliar\u00e1 o acesso \u00e0 \u00abm\u00fasica escrita\u00bb, facilitando a pesquisa e o conhecimento de novos repert\u00f3rios.<\/span><\/li>\n<\/ul>\n<p>&nbsp;<\/p>\n<ul>\n<li style=\"font-weight: 400;\" aria-level=\"1\"><span style=\"font-weight: 400;\">Tamb\u00e9m v\u00eam a\u00ed os speed meetings online para aproximar compradores e ofertantes de servi\u00e7os e produtos musicais. Iberm\u00fasicas est\u00e1 para lan\u00e7ar sua plataforma de reuni\u00f5es de neg\u00f3cios com o objetivo de fortalecer a rede produtiva da m\u00fasica como um todo. Ao longo do ano, o Programa divulgar\u00e1 \u00abmini convocat\u00f3rias\u00bb para atender a demandas espec\u00edficas de compradores que j\u00e1 est\u00e3o abra\u00e7ando a ideia. Assim, espera promover, de forma \u00e1gil, conex\u00f5es que se convertam em convites, parcerias e contrata\u00e7\u00f5es.<\/span><\/li>\n<\/ul>\n<p>&nbsp;<\/p>\n<p><b>Editais ser\u00e3o lan\u00e7ados em 1\u00b0 de junho<\/b><\/p>\n<p>&nbsp;<\/p>\n<ul>\n<li style=\"font-weight: 400;\" aria-level=\"1\"><span style=\"font-weight: 400;\">Iberm\u00fasicas lan\u00e7ar\u00e1 14 convocat\u00f3rias (concursos e chamadas p\u00fablicas). A linha de Apoio \u00e0 Circula\u00e7\u00e3o permanece e \u00e9 destinada a agentes musicais que desejam viajar para qualquer pa\u00eds do mundo. O apoio \u00e9 de at\u00e9 8 mil d\u00f3lares em passagens a\u00e9reas, terrestres ou fluviais.<\/span><\/li>\n<\/ul>\n<ul>\n<li style=\"font-weight: 400;\" aria-level=\"1\"><span style=\"font-weight: 400;\">Al\u00e9m desta, ser\u00e3o lan\u00e7ados o Apoio \u00e0 Programa\u00e7\u00e3o Ibero-americana; Apoio a Resid\u00eancias (s\u00e3o duas chamadas: para agentes que queiram fazer resid\u00eancias em outros pa\u00edses e para institui\u00e7\u00f5es \/ grupos musicais que queiram receber residentes); Apoio \u00e0 Especializa\u00e7\u00e3o; Apoio a Projetos Virtuais; a convocat\u00f3ria MidAtlantic (somente para circula\u00e7\u00e3o nos EUA); o Pr\u00eamio de Composi\u00e7\u00e3o de Obra Coral; o Pr\u00eamio de Composi\u00e7\u00e3o de M\u00fasica para as Inf\u00e2ncias; a convocat\u00f3ria especial Viagens pela L\u00edngua Portuguesa; a chamada para execu\u00e7\u00e3o de obras do Cat\u00e1logo ibero-americano de Partituras; o Pr\u00eamio Especial Brasil Iberm\u00fasicas; o Pr\u00eamio Especial Col\u00f4mbia Iberm\u00fasicas e o Pr\u00eamio Especial Peru Iberm\u00fasicas.<\/span><\/li>\n<\/ul>\n<p><b>Aproxima\u00e7\u00e3o com todos os pa\u00edses de L\u00edngua portuguesa<\/b><\/p>\n<p>&nbsp;<\/p>\n<ul>\n<li style=\"font-weight: 400;\" aria-level=\"1\"><span style=\"font-weight: 400;\">Muito relevante para este encontro foi a presen\u00e7a do Senhor Jo\u00e3o Boaventura Ima-Panzo, Diretor da A\u00e7\u00e3o Cultural e L\u00edngua Portuguesa da Comunidade dos Pa\u00edses de L\u00edngua Portuguesa (CPLP). A sua presen\u00e7a marcou a grande import\u00e2ncia que tem para o Programa Iberm\u00fasicas o acercamento com todos os pa\u00edses lus\u00f3fonos em busca de uma irmandade que aproxime e, ao mesmo tempo, funda as fronteiras e as dist\u00e2ncias f\u00edsicas entre os pa\u00edses da CPLP e os do espa\u00e7o ibero-americano. Foi um marco significativo no fortalecimento dos la\u00e7os entre o Iberm\u00fasicas e os pa\u00edses que t\u00eam a l\u00edngua portuguesa como patrim\u00f4nio cultural.\u00a0<\/span><\/li>\n<\/ul>\n<p>&nbsp;<\/p>\n<ul>\n<li style=\"font-weight: 400;\" aria-level=\"1\"><span style=\"font-weight: 400;\">Na ocasi\u00e3o, foram compartilhadas diversas ideias e propostas com foco na m\u00fasica e na harmoniza\u00e7\u00e3o de perspectivas. Acreditamos que este encontro representa apenas o primeiro passo de muitas inova\u00e7\u00f5es futuras entre o Programa Iberm\u00fasicas e a CPLP, j\u00e1 que n\u00e3o existem barreiras \u00e0 diversidade cultural e ao multilinguismo quando se trata de m\u00fasica.<\/span><\/li>\n<\/ul>\n","protected":false},"excerpt":{"rendered":"<p>Cria\u00e7\u00e3o de novas convocat\u00f3rias, ajustes nas linhas de apoio, projeto Iberm\u00fasicas Global (plataforma de meetings) e cat\u00e1logo ibero-americano de partituras: o Programa Iberm\u00fasicas anuncia muitas novidades para o pr\u00f3ximo ciclo. &nbsp; Entre os dias 17 e 20 de abril, os representantes dos 15 pa\u00edses que atualmente integram o Conselho Intergovernamental Iberm\u00fasicas reuniram-se em Santiago, no [&hellip;]<\/p>\n","protected":false},"author":7,"featured_media":18367,"comment_status":"closed","ping_status":"closed","sticky":false,"template":"","format":"standard","meta":{"footnotes":""},"categories":[218],"tags":[],"class_list":["post-18369","post","type-post","status-publish","format-standard","has-post-thumbnail","hentry","category-noticias-generales-pt"],"lang":"pt","translations":{"pt":18369,"es":18366},"pll_sync_post":[],"post_mailing_queue_ids":[],"_links":{"self":[{"href":"http:\/\/staging.ibermusicas.org\/index.php\/wp-json\/wp\/v2\/posts\/18369","targetHints":{"allow":["GET"]}}],"collection":[{"href":"http:\/\/staging.ibermusicas.org\/index.php\/wp-json\/wp\/v2\/posts"}],"about":[{"href":"http:\/\/staging.ibermusicas.org\/index.php\/wp-json\/wp\/v2\/types\/post"}],"author":[{"embeddable":true,"href":"http:\/\/staging.ibermusicas.org\/index.php\/wp-json\/wp\/v2\/users\/7"}],"replies":[{"embeddable":true,"href":"http:\/\/staging.ibermusicas.org\/index.php\/wp-json\/wp\/v2\/comments?post=18369"}],"version-history":[{"count":1,"href":"http:\/\/staging.ibermusicas.org\/index.php\/wp-json\/wp\/v2\/posts\/18369\/revisions"}],"predecessor-version":[{"id":18370,"href":"http:\/\/staging.ibermusicas.org\/index.php\/wp-json\/wp\/v2\/posts\/18369\/revisions\/18370"}],"wp:featuredmedia":[{"embeddable":true,"href":"http:\/\/staging.ibermusicas.org\/index.php\/wp-json\/wp\/v2\/media\/18367"}],"wp:attachment":[{"href":"http:\/\/staging.ibermusicas.org\/index.php\/wp-json\/wp\/v2\/media?parent=18369"}],"wp:term":[{"taxonomy":"category","embeddable":true,"href":"http:\/\/staging.ibermusicas.org\/index.php\/wp-json\/wp\/v2\/categories?post=18369"},{"taxonomy":"post_tag","embeddable":true,"href":"http:\/\/staging.ibermusicas.org\/index.php\/wp-json\/wp\/v2\/tags?post=18369"}],"curies":[{"name":"wp","href":"https:\/\/api.w.org\/{rel}","templated":true}]}}