{"id":18380,"date":"2024-04-29T17:52:25","date_gmt":"2024-04-29T17:52:25","guid":{"rendered":"http:\/\/staging.ibermusicas.org\/?p=18380"},"modified":"2024-06-03T16:56:42","modified_gmt":"2024-06-03T16:56:42","slug":"se-realizo-en-el-cierre-del-micsur-la-presentacion-de-america-morena-propuesta-ganadora-de-la-convocatoria-especial-ibermusicas-micsur-chile","status":"publish","type":"post","link":"http:\/\/staging.ibermusicas.org\/index.php\/se-realizo-en-el-cierre-del-micsur-la-presentacion-de-america-morena-propuesta-ganadora-de-la-convocatoria-especial-ibermusicas-micsur-chile\/","title":{"rendered":"Se realiz\u00f3 en el cierre del MICSUR, la presentaci\u00f3n de Am\u00e9rica Morena, propuesta ganadora de la convocatoria especial Iberm\u00fasicas &#8211; MICSUR Chile"},"content":{"rendered":"<p>Un proyecto apoyado por Iberm\u00fasicas tuvo una destacada presencia en la reciente edici\u00f3n del MICSUR en Santiago de Chile. Como apertura del gran concierto de cierre del MICSUR que se realiz\u00f3 el 20 de abril en una plaza de la Constituci\u00f3n colmada de p\u00fablico, tuvo lugar la presentaci\u00f3n titulada \u201cAm\u00e9rica Morena\u201d.<\/p>\n<p>&nbsp;<\/p>\n<p>Se trat\u00f3 del proyecto ganador de la convocatoria especial Iberm\u00fasicas &#8211; MICSUR Chile. Una maravillosa propuesta de La Orquesta Andina de Chile junto a las cantantes Nadia Larcher de Argentina, Mar\u00eda Mulata de Colombia y Tha\u00eds Olivera de Chile. El concierto continu\u00f3 con las presentaciones de Javiera Mena (Chile), Kevin Johansen (Argentina) y Gepe (Chile).<\/p>\n<p>&nbsp;<\/p>\n<p>El inicio de la celebraci\u00f3n cont\u00f3 con las valiosas palabras de Natalia Alvarenga, Secretar\u00eda Nacional de Cultura del Paraguay y Carolina Arredondo Marz\u00e1n, Ministra de las Culturas, las Artes y el Patrimonio de Chile.<\/p>\n<p>&nbsp;<\/p>\n<p>Entre sus objetivos espec\u00edficos, MICSUR busca articular la circulaci\u00f3n art\u00edstica y cultural entre pa\u00edses de la regi\u00f3n, potenciar mercados estrat\u00e9gicos desde la pol\u00edtica p\u00fablica y generar redes y asociatividades entre los agentes culturales del Mercosur. A su vez, en esta instancia se trabaj\u00f3 en torno a la circulaci\u00f3n y el intercambio de productos y servicios culturales de seis sectores de las industrias culturales y creativas: audiovisual, arquitectura, animaci\u00f3n, m\u00fasica, artesan\u00eda, videojuegos, artes esc\u00e9nicas, libro y lectura, artes visuales y dise\u00f1o.<\/p>\n<p>&nbsp;<\/p>\n<p>La primera edici\u00f3n fue el a\u00f1o 2014 en Argentina, que se repiti\u00f3 el 2016 en Colombia y el 2018 en Brasil. A ra\u00edz de la pandemia, se posterg\u00f3 la siguiente edici\u00f3n para el 2024 en Chile, donde fueron celebrados a su vez los diez a\u00f1os de este evento tan importante para la regi\u00f3n.<\/p>\n<p>&nbsp;<\/p>\n<p>Conformado por 9 pa\u00edses de Sudam\u00e9rica (Argentina, Brasil, Bolivia, Chile, Colombia, Ecuador, Uruguay, Per\u00fa y Paraguay) tiene como objetivo consolidar una plataforma para el conocimiento, difusi\u00f3n, promoci\u00f3n, circulaci\u00f3n y comercializaci\u00f3n de bienes y servicios generados por peque\u00f1os y medianos empresarios de las industrias culturales y creativas, as\u00ed como fortalecer los lazos regionales existentes que vinculan al ecosistema cultural de toda la regi\u00f3n.<\/p>\n<p>&nbsp;<\/p>\n<p>M\u00e1s de 330 personas de 9 pa\u00edses fueron parte del Mercado de Industrias Culturales del Sur, MICSUR 2024 realizado en el Museo Nacional de Bellas Artes y en el Museo de Arte Contempor\u00e1neo, ambos en el edificio del Palacio de Bellas Artes en el Parque Forestal de Santiago de Chile.<\/p>\n<p>&nbsp;<\/p>\n<p>Esta experiencia y las pol\u00edticas que se desprenden de ella han servido de modelo para consolidar un ecosistema cultural que trasciende las fronteras y encuentran un espacio regional en los mercados nacionales que se han desarrollado en los \u00faltimos a\u00f1os.<\/p>\n","protected":false},"excerpt":{"rendered":"<p>Un proyecto apoyado por Iberm\u00fasicas tuvo una destacada presencia en la reciente edici\u00f3n del MICSUR en Santiago de Chile. Como apertura del gran concierto de cierre del MICSUR que se realiz\u00f3 el 20 de abril en una plaza de la Constituci\u00f3n colmada de p\u00fablico, tuvo lugar la presentaci\u00f3n titulada \u201cAm\u00e9rica Morena\u201d. &nbsp; Se trat\u00f3 del [&hellip;]<\/p>\n","protected":false},"author":7,"featured_media":18381,"comment_status":"closed","ping_status":"closed","sticky":false,"template":"","format":"standard","meta":{"footnotes":""},"categories":[53],"tags":[],"class_list":["post-18380","post","type-post","status-publish","format-standard","has-post-thumbnail","hentry","category-noticias-generales"],"lang":"es","translations":{"es":18380,"pt":18383},"pll_sync_post":[],"post_mailing_queue_ids":[],"_links":{"self":[{"href":"http:\/\/staging.ibermusicas.org\/index.php\/wp-json\/wp\/v2\/posts\/18380","targetHints":{"allow":["GET"]}}],"collection":[{"href":"http:\/\/staging.ibermusicas.org\/index.php\/wp-json\/wp\/v2\/posts"}],"about":[{"href":"http:\/\/staging.ibermusicas.org\/index.php\/wp-json\/wp\/v2\/types\/post"}],"author":[{"embeddable":true,"href":"http:\/\/staging.ibermusicas.org\/index.php\/wp-json\/wp\/v2\/users\/7"}],"replies":[{"embeddable":true,"href":"http:\/\/staging.ibermusicas.org\/index.php\/wp-json\/wp\/v2\/comments?post=18380"}],"version-history":[{"count":1,"href":"http:\/\/staging.ibermusicas.org\/index.php\/wp-json\/wp\/v2\/posts\/18380\/revisions"}],"predecessor-version":[{"id":18382,"href":"http:\/\/staging.ibermusicas.org\/index.php\/wp-json\/wp\/v2\/posts\/18380\/revisions\/18382"}],"wp:featuredmedia":[{"embeddable":true,"href":"http:\/\/staging.ibermusicas.org\/index.php\/wp-json\/wp\/v2\/media\/18381"}],"wp:attachment":[{"href":"http:\/\/staging.ibermusicas.org\/index.php\/wp-json\/wp\/v2\/media?parent=18380"}],"wp:term":[{"taxonomy":"category","embeddable":true,"href":"http:\/\/staging.ibermusicas.org\/index.php\/wp-json\/wp\/v2\/categories?post=18380"},{"taxonomy":"post_tag","embeddable":true,"href":"http:\/\/staging.ibermusicas.org\/index.php\/wp-json\/wp\/v2\/tags?post=18380"}],"curies":[{"name":"wp","href":"https:\/\/api.w.org\/{rel}","templated":true}]}}