{"id":18383,"date":"2024-04-29T17:54:37","date_gmt":"2024-04-29T17:54:37","guid":{"rendered":"http:\/\/staging.ibermusicas.org\/?p=18383"},"modified":"2024-06-03T17:02:19","modified_gmt":"2024-06-03T17:02:19","slug":"america-morena-a-proposta-vencedora-da-convocatoria-especial-ibermusicas-micsur-chile-foi-apresentada-no-encerramento-do-micsur","status":"publish","type":"post","link":"http:\/\/staging.ibermusicas.org\/index.php\/america-morena-a-proposta-vencedora-da-convocatoria-especial-ibermusicas-micsur-chile-foi-apresentada-no-encerramento-do-micsur\/","title":{"rendered":"Am\u00e9rica Morena, a proposta vencedora da convocat\u00f3ria especial Iberm\u00fasicas &#8211; MICSUR Chile, foi apresentada no encerramento do MICSUR"},"content":{"rendered":"<p>Um projeto apoiado pelo Programa Iberm\u00fasicas teve uma presen\u00e7a marcante na recente edi\u00e7\u00e3o do MICSUR em Santiago do Chile. A abertura do grande concerto de encerramento do MICSUR, que teve lugar no dia 20 de abril numa Plaza de la Constituci\u00f3n repleta de gente, foi uma apresenta\u00e7\u00e3o intitulada \u00abAm\u00e9rica Morena\u00bb.<\/p>\n<p>&nbsp;<\/p>\n<p>Este foi o projeto vencedor do concurso especial Iberm\u00fasicas &#8211; MICSUR Chile. Uma proposta maravilhosa da \u201cOrquesta Andina de Chile\u201d juntamente com as cantoras Nadia Larcher da Argentina, Mar\u00eda Mulata da Col\u00f4mbia e Tha\u00eds Olivera do Chile. O concerto prosseguiu com as atua\u00e7\u00f5es de Javiera Mena (Chile), Kevin Johansen (Argentina) e Gepe (Chile).<\/p>\n<p>&nbsp;<\/p>\n<p>A celebra\u00e7\u00e3o foi aberta com as valiosas palavras de Natalia Alvarenga, Secret\u00e1ria Nacional da Cultura do Paraguai, e de Carolina Arredondo Marz\u00e1n, Ministra da Cultura, das Artes e do Patrim\u00f3nio do Chile.<\/p>\n<p>&nbsp;<\/p>\n<p>Entre os seus objetivos espec\u00edficos, o MICSUR procura articular a circula\u00e7\u00e3o art\u00edstica e cultural entre os pa\u00edses da regi\u00e3o, promover mercados estrat\u00e9gicos atrav\u00e9s de pol\u00edticas p\u00fablicas e gerar redes e parcerias entre os agentes culturais do Mercosul. Por sua vez, nesta inst\u00e2ncia, trabalhou-se em torno da circula\u00e7\u00e3o e interc\u00e2mbio de produtos e servi\u00e7os culturais de seis sectores das ind\u00fastrias culturais e criativas: audiovisual, arquitetura, anima\u00e7\u00e3o, m\u00fasica, artesanato, videojogos, artes performativas, livro e leitura, artes visuais e design.<\/p>\n<p>&nbsp;<\/p>\n<p>A primeira edi\u00e7\u00e3o teve lugar em 2014 na Argentina, tendo sido repetida em 2016 na Col\u00f4mbia e em 2018 no Brasil. Devido \u00e0 pandemia, a pr\u00f3xima edi\u00e7\u00e3o foi adiada para 2024 no Chile, onde foi celebrado o d\u00e9cimo anivers\u00e1rio deste importante evento para a regi\u00e3o.<\/p>\n<p>&nbsp;<\/p>\n<p>Composto por 9 pa\u00edses sul-americanos (Argentina, Brasil, Bol\u00edvia, Chile, Col\u00f4mbia, Equador, Uruguai, Peru e Paraguai), tem como objetivo consolidar uma plataforma para o conhecimento, divulga\u00e7\u00e3o, promo\u00e7\u00e3o, circula\u00e7\u00e3o e comercializa\u00e7\u00e3o de bens e servi\u00e7os gerados por pequenos e m\u00e9dios empres\u00e1rios das ind\u00fastrias culturais e criativas, bem como fortalecer os la\u00e7os regionais existentes que ligam o ecossistema cultural de toda a regi\u00e3o.<\/p>\n<p>&nbsp;<\/p>\n<p>Mais de 330 pessoas de 9 pa\u00edses participaram no Mercado das Ind\u00fastrias Culturais do Sul, MICSUR 2024, realizado no Museu Nacional de Belas Artes e no Museu de Arte Contempor\u00e2nea, ambos no edif\u00edcio Palacio de Bellas Artes, no Parque Forestal, em Santiago do Chile.<\/p>\n<p>&nbsp;<\/p>\n<p>Esta experi\u00eancia e as pol\u00edticas que dela derivam serviram de modelo para consolidar um ecossistema cultural que transcende as fronteiras e encontra um espa\u00e7o regional nos mercados nacionais que se desenvolveram nos \u00faltimos anos.<\/p>\n","protected":false},"excerpt":{"rendered":"<p>Um projeto apoiado pelo Programa Iberm\u00fasicas teve uma presen\u00e7a marcante na recente edi\u00e7\u00e3o do MICSUR em Santiago do Chile. A abertura do grande concerto de encerramento do MICSUR, que teve lugar no dia 20 de abril numa Plaza de la Constituci\u00f3n repleta de gente, foi uma apresenta\u00e7\u00e3o intitulada \u00abAm\u00e9rica Morena\u00bb. &nbsp; Este foi o projeto [&hellip;]<\/p>\n","protected":false},"author":7,"featured_media":18381,"comment_status":"closed","ping_status":"closed","sticky":false,"template":"","format":"standard","meta":{"footnotes":""},"categories":[218],"tags":[],"class_list":["post-18383","post","type-post","status-publish","format-standard","has-post-thumbnail","hentry","category-noticias-generales-pt"],"lang":"pt","translations":{"pt":18383,"es":18380},"pll_sync_post":[],"post_mailing_queue_ids":[],"_links":{"self":[{"href":"http:\/\/staging.ibermusicas.org\/index.php\/wp-json\/wp\/v2\/posts\/18383","targetHints":{"allow":["GET"]}}],"collection":[{"href":"http:\/\/staging.ibermusicas.org\/index.php\/wp-json\/wp\/v2\/posts"}],"about":[{"href":"http:\/\/staging.ibermusicas.org\/index.php\/wp-json\/wp\/v2\/types\/post"}],"author":[{"embeddable":true,"href":"http:\/\/staging.ibermusicas.org\/index.php\/wp-json\/wp\/v2\/users\/7"}],"replies":[{"embeddable":true,"href":"http:\/\/staging.ibermusicas.org\/index.php\/wp-json\/wp\/v2\/comments?post=18383"}],"version-history":[{"count":1,"href":"http:\/\/staging.ibermusicas.org\/index.php\/wp-json\/wp\/v2\/posts\/18383\/revisions"}],"predecessor-version":[{"id":18384,"href":"http:\/\/staging.ibermusicas.org\/index.php\/wp-json\/wp\/v2\/posts\/18383\/revisions\/18384"}],"wp:featuredmedia":[{"embeddable":true,"href":"http:\/\/staging.ibermusicas.org\/index.php\/wp-json\/wp\/v2\/media\/18381"}],"wp:attachment":[{"href":"http:\/\/staging.ibermusicas.org\/index.php\/wp-json\/wp\/v2\/media?parent=18383"}],"wp:term":[{"taxonomy":"category","embeddable":true,"href":"http:\/\/staging.ibermusicas.org\/index.php\/wp-json\/wp\/v2\/categories?post=18383"},{"taxonomy":"post_tag","embeddable":true,"href":"http:\/\/staging.ibermusicas.org\/index.php\/wp-json\/wp\/v2\/tags?post=18383"}],"curies":[{"name":"wp","href":"https:\/\/api.w.org\/{rel}","templated":true}]}}