{"id":18385,"date":"2024-04-29T17:57:50","date_gmt":"2024-04-29T17:57:50","guid":{"rendered":"http:\/\/staging.ibermusicas.org\/?p=18385"},"modified":"2024-06-03T16:56:34","modified_gmt":"2024-06-03T16:56:34","slug":"la-asociacion-latinoamericana-del-arpa-propone-la-gira-de-mantenimiento-de-arpas-con-el-tecnico-espanol-enric-de-anciola-3","status":"publish","type":"post","link":"http:\/\/staging.ibermusicas.org\/index.php\/la-asociacion-latinoamericana-del-arpa-propone-la-gira-de-mantenimiento-de-arpas-con-el-tecnico-espanol-enric-de-anciola-3\/","title":{"rendered":"La Asociaci\u00f3n Latinoamericana del Arpa propone la \u201cGira de Mantenimiento de Arpas\u201d con el t\u00e9cnico espa\u00f1ol Enric de Anciola"},"content":{"rendered":"<p>La Asociaci\u00f3n Latinoamericana del Arpa lleva a la Argentina y a Costa Rica actividades dise\u00f1adas para apoyar el crecimiento del arpa en estos pa\u00edses, brindar desarrollo profesional a los arpistas locales, y nutrir la comunidad con nuevas ideas y conocimiento.<\/p>\n<p>&nbsp;<\/p>\n<p>Argentina va a recibir al t\u00e9cnico de arpas catal\u00e1n Enric de Anciola para comenzar la Gira de mantenimiento de arpas, la cual brindar\u00e1 servicio a las arpas en las ciudades Buenos Aires y Santa Fe. As\u00ed mismo, en cada ciudad se llevar\u00e1 a cabo un taller de mantenimiento para ense\u00f1ar a los arpistas a cuidar mejor sus instrumentos, hacer peque\u00f1os arreglos y poder obtener el m\u00e1ximo provecho a sus arpas, extendiendo su vida \u00fatil al m\u00e1ximo posible.<\/p>\n<p>&nbsp;<\/p>\n<p>Posteriormente en el mes de julio, Costa Rica recibir\u00e1 al t\u00e9cnico Enric de Anciola para realizar la segunda parte de la Gira de Mantenimiento de Arpas en la ciudad de San Jos\u00e9. De igual forma, de Anciola ofrecer\u00e1 varias horas de taller a los estudiantes y arpistas profesionales de la ciudad.<\/p>\n<p>&nbsp;<\/p>\n<p>Enric de Anciola es un vers\u00e1til t\u00e9cnico de reparaci\u00f3n y mantenimiento de arpas Catal\u00e1n, trabaj\u00f3 en la f\u00e1brica Camac Harps como T\u00e9cnico en jefe y responsable del departamento de servicios especiales. Desde 2019 se independiza y trabaja con las mejores orquestas y solistas de Europa en todo tipo de arpas.<\/p>\n<p>&nbsp;<\/p>\n<p>Esta propuesta ha sido ganadora de las Ayudas al Sector Musical para la Programaci\u00f3n Iberoamericana, convocatoria 2023 del Programa Iberm\u00fasicas.<\/p>\n<p>&nbsp;<\/p>\n<ul>\n<li>Del 29 de abril al 9 de mayo en Argentina<\/li>\n<li>Del 3 al 11 de julio en Costa Rica<\/li>\n<\/ul>\n<p>&nbsp;<\/p>\n<p>www.youtube.com\/@ALDA<\/p>\n","protected":false},"excerpt":{"rendered":"<p>La Asociaci\u00f3n Latinoamericana del Arpa lleva a la Argentina y a Costa Rica actividades dise\u00f1adas para apoyar el crecimiento del arpa en estos pa\u00edses, brindar desarrollo profesional a los arpistas locales, y nutrir la comunidad con nuevas ideas y conocimiento. &nbsp; Argentina va a recibir al t\u00e9cnico de arpas catal\u00e1n Enric de Anciola para comenzar [&hellip;]<\/p>\n","protected":false},"author":7,"featured_media":18338,"comment_status":"closed","ping_status":"closed","sticky":false,"template":"","format":"standard","meta":{"footnotes":""},"categories":[53],"tags":[],"class_list":["post-18385","post","type-post","status-publish","format-standard","has-post-thumbnail","hentry","category-noticias-generales"],"lang":"es","translations":{"es":18385,"pt":18387},"pll_sync_post":[],"post_mailing_queue_ids":[],"_links":{"self":[{"href":"http:\/\/staging.ibermusicas.org\/index.php\/wp-json\/wp\/v2\/posts\/18385","targetHints":{"allow":["GET"]}}],"collection":[{"href":"http:\/\/staging.ibermusicas.org\/index.php\/wp-json\/wp\/v2\/posts"}],"about":[{"href":"http:\/\/staging.ibermusicas.org\/index.php\/wp-json\/wp\/v2\/types\/post"}],"author":[{"embeddable":true,"href":"http:\/\/staging.ibermusicas.org\/index.php\/wp-json\/wp\/v2\/users\/7"}],"replies":[{"embeddable":true,"href":"http:\/\/staging.ibermusicas.org\/index.php\/wp-json\/wp\/v2\/comments?post=18385"}],"version-history":[{"count":1,"href":"http:\/\/staging.ibermusicas.org\/index.php\/wp-json\/wp\/v2\/posts\/18385\/revisions"}],"predecessor-version":[{"id":18386,"href":"http:\/\/staging.ibermusicas.org\/index.php\/wp-json\/wp\/v2\/posts\/18385\/revisions\/18386"}],"wp:featuredmedia":[{"embeddable":true,"href":"http:\/\/staging.ibermusicas.org\/index.php\/wp-json\/wp\/v2\/media\/18338"}],"wp:attachment":[{"href":"http:\/\/staging.ibermusicas.org\/index.php\/wp-json\/wp\/v2\/media?parent=18385"}],"wp:term":[{"taxonomy":"category","embeddable":true,"href":"http:\/\/staging.ibermusicas.org\/index.php\/wp-json\/wp\/v2\/categories?post=18385"},{"taxonomy":"post_tag","embeddable":true,"href":"http:\/\/staging.ibermusicas.org\/index.php\/wp-json\/wp\/v2\/tags?post=18385"}],"curies":[{"name":"wp","href":"https:\/\/api.w.org\/{rel}","templated":true}]}}