{"id":18387,"date":"2024-04-29T17:59:06","date_gmt":"2024-04-29T17:59:06","guid":{"rendered":"http:\/\/staging.ibermusicas.org\/?p=18387"},"modified":"2024-06-03T17:01:27","modified_gmt":"2024-06-03T17:01:27","slug":"a-associacao-latino-americana-de-harpas-propoe-o-tour-de-manutencao-de-harpas-com-o-tecnico-espanhol-enric-de-anciola","status":"publish","type":"post","link":"http:\/\/staging.ibermusicas.org\/index.php\/a-associacao-latino-americana-de-harpas-propoe-o-tour-de-manutencao-de-harpas-com-o-tecnico-espanhol-enric-de-anciola\/","title":{"rendered":"A Associa\u00e7\u00e3o Latino-Americana de Harpas prop\u00f5e o \u00abTour de Manuten\u00e7\u00e3o de Harpas\u00bb com o t\u00e9cnico espanhol Enric de Anciola"},"content":{"rendered":"<p>A Associa\u00e7\u00e3o Latino-americana de Harpas leva \u00e0 Argentina e \u00e0 Costa Rica atividades destinadas a apoiar o crescimento da harpa nestes pa\u00edses, a proporcionar desenvolvimento profissional aos harpistas locais e a alimentar a comunidade com novas ideias e conhecimentos.<\/p>\n<p>&nbsp;<\/p>\n<p>A Argentina receber\u00e1 o t\u00e9cnico de harpa catal\u00e3o Enric de Anciola para iniciar o Tour de Manuten\u00e7\u00e3o de Harpas nas cidades de Buenos Aires e Santa F\u00e9. Al\u00e9m disso, em cada cidade ser\u00e1 realizado um workshop de manuten\u00e7\u00e3o para ensinar aos harpistas como cuidar melhor dos seus instrumentos, efetuar pequenas repara\u00e7\u00f5es e tirar o m\u00e1ximo partido das suas harpas, prolongando ao m\u00e1ximo a sua vida \u00fatil.<\/p>\n<p>&nbsp;<\/p>\n<p>Mais tarde, no m\u00eas de julho, a Costa Rica receber\u00e1 o t\u00e9cnico Enric de Anciola para levar a cabo a segunda parte do Circuito de Manuten\u00e7\u00e3o de Harpas na cidade de San Jos\u00e9. Da mesma forma, de Anciola oferecer\u00e1 v\u00e1rias horas de workshop a estudantes e harpistas profissionais da cidade.<\/p>\n<p>&nbsp;<\/p>\n<p>Enric de Anciola \u00e9 um vers\u00e1til t\u00e9cnico catal\u00e3o de repara\u00e7\u00e3o e manuten\u00e7\u00e3o de harpas que trabalhou na f\u00e1brica Camac Harps como t\u00e9cnico chefe e chefe do departamento de servi\u00e7os especiais. Desde 2019, \u00e9 independente e trabalha com as melhores orquestras e solistas da Europa em todos os tipos de harpas.<\/p>\n<p>&nbsp;<\/p>\n<p>Esta proposta foi vencedora do concurso Ajudasao Setor\u00a0 Musical para a Programa\u00e7\u00e3o Ibero-americana, edital\u00a0 2023 do Programa Iberm\u00fasicas.<\/p>\n<p>&nbsp;<\/p>\n<ul>\n<li>De 29 de abril a 9 de maio na Argentina.<\/li>\n<li>De 3 a 11 de julho na Costa Rica<\/li>\n<\/ul>\n<p>&nbsp;<\/p>\n<p>www.youtube.com\/@ALDA<\/p>\n","protected":false},"excerpt":{"rendered":"<p>A Associa\u00e7\u00e3o Latino-americana de Harpas leva \u00e0 Argentina e \u00e0 Costa Rica atividades destinadas a apoiar o crescimento da harpa nestes pa\u00edses, a proporcionar desenvolvimento profissional aos harpistas locais e a alimentar a comunidade com novas ideias e conhecimentos. &nbsp; A Argentina receber\u00e1 o t\u00e9cnico de harpa catal\u00e3o Enric de Anciola para iniciar o Tour [&hellip;]<\/p>\n","protected":false},"author":7,"featured_media":18338,"comment_status":"closed","ping_status":"closed","sticky":false,"template":"","format":"standard","meta":{"footnotes":""},"categories":[218],"tags":[],"class_list":["post-18387","post","type-post","status-publish","format-standard","has-post-thumbnail","hentry","category-noticias-generales-pt"],"lang":"pt","translations":{"pt":18387,"es":18385},"pll_sync_post":[],"post_mailing_queue_ids":[],"_links":{"self":[{"href":"http:\/\/staging.ibermusicas.org\/index.php\/wp-json\/wp\/v2\/posts\/18387","targetHints":{"allow":["GET"]}}],"collection":[{"href":"http:\/\/staging.ibermusicas.org\/index.php\/wp-json\/wp\/v2\/posts"}],"about":[{"href":"http:\/\/staging.ibermusicas.org\/index.php\/wp-json\/wp\/v2\/types\/post"}],"author":[{"embeddable":true,"href":"http:\/\/staging.ibermusicas.org\/index.php\/wp-json\/wp\/v2\/users\/7"}],"replies":[{"embeddable":true,"href":"http:\/\/staging.ibermusicas.org\/index.php\/wp-json\/wp\/v2\/comments?post=18387"}],"version-history":[{"count":1,"href":"http:\/\/staging.ibermusicas.org\/index.php\/wp-json\/wp\/v2\/posts\/18387\/revisions"}],"predecessor-version":[{"id":18388,"href":"http:\/\/staging.ibermusicas.org\/index.php\/wp-json\/wp\/v2\/posts\/18387\/revisions\/18388"}],"wp:featuredmedia":[{"embeddable":true,"href":"http:\/\/staging.ibermusicas.org\/index.php\/wp-json\/wp\/v2\/media\/18338"}],"wp:attachment":[{"href":"http:\/\/staging.ibermusicas.org\/index.php\/wp-json\/wp\/v2\/media?parent=18387"}],"wp:term":[{"taxonomy":"category","embeddable":true,"href":"http:\/\/staging.ibermusicas.org\/index.php\/wp-json\/wp\/v2\/categories?post=18387"},{"taxonomy":"post_tag","embeddable":true,"href":"http:\/\/staging.ibermusicas.org\/index.php\/wp-json\/wp\/v2\/tags?post=18387"}],"curies":[{"name":"wp","href":"https:\/\/api.w.org\/{rel}","templated":true}]}}