{"id":18389,"date":"2024-04-29T18:03:42","date_gmt":"2024-04-29T18:03:42","guid":{"rendered":"http:\/\/staging.ibermusicas.org\/?p=18389"},"modified":"2024-06-03T16:56:28","modified_gmt":"2024-06-03T16:56:28","slug":"desde-panama-llegan-los-podcast-de-panaclasica","status":"publish","type":"post","link":"http:\/\/staging.ibermusicas.org\/index.php\/desde-panama-llegan-los-podcast-de-panaclasica\/","title":{"rendered":"Desde Panam\u00e1 llegan los podcast de \u201cPanacl\u00e1sica\u201d"},"content":{"rendered":"<p>La m\u00fasica cl\u00e1sica, como veh\u00edculo de expresi\u00f3n cultural y testimonio de la historia, se erige como una manifestaci\u00f3n art\u00edstica intr\u00ednsecamente ligada a la identidad de cada pa\u00eds. En este contexto, surge en Panam\u00e1 Panacl\u00e1sica, un proyecto musical de trascendencia internacional, gestado por Mar Alzamora y Fernando Bustos, reconocidos por su labor en Paisaxe Ensamble, con m\u00e1s de quince a\u00f1os de trayectoria y galardonados por Iberm\u00fasicas en tres ocasiones.<\/p>\n<p>&nbsp;<\/p>\n<p>Panacl\u00e1sica se propone como un podcast transmedia visionario que promete abrir una ventana sonora a la rica historia de la m\u00fasica cl\u00e1sica en Panam\u00e1. El enfoque inicial en el canto y la m\u00fasica coral en la temporada inaugural de 2024 evidencia una selecci\u00f3n tem\u00e1tica delicadamente estudiada y ejecutada. Este repertorio, por su naturaleza, demanda un minucioso an\u00e1lisis de las fuentes, basado primordialmente en entrevistas a las voces c\u00e9lebres de Panam\u00e1.<\/p>\n<p>&nbsp;<\/p>\n<p>La colaboraci\u00f3n con Pablo Bas, distinguido compositor, artista y dise\u00f1ador sonoro de Argentina a\u00f1ade profundidad audiovisual a la narrativa sonora.<\/p>\n<p>&nbsp;<\/p>\n<p>Las transmisiones del podcast ser\u00e1n mensuales de mayo a diciembre. A la vez se ofrecer\u00e1 un taller de podcast cultural a los j\u00f3venes de la Red de Orquestas de Panam\u00e1, una experiencia din\u00e1mica y enriquecedora para aprender las habilidades esenciales para producir contenido sonoro de alta calidad.<\/p>\n<p>&nbsp;<\/p>\n<p>Son parte de Panacl\u00e1sica:<\/p>\n<p>&nbsp;<\/p>\n<ul>\n<li>Mar Alzamora. Contrabajista, escritora y gestora cultural y cofundadora del Paisaxe Ensemble. Fusiona m\u00fasica y exploraci\u00f3n multisensorial urbana. Es instructora certificada de Deep Listening\u00ae, escritora en MUSEXPLAT y Maestra en Artes Contempor\u00e1neas por la Simon Fraser University.<\/li>\n<\/ul>\n<p>&nbsp;<\/p>\n<ul>\n<li>Fernando Bustos. Prominente int\u00e9rprete y miembro de Paisaxe Ensemble. Ha destacado en festivales internacionales y junto a la Orquesta Sinf\u00f3nica Nacional. Su experiencia incluye residencias en la Baroque Academy Michael Chance y en el Centre des Arts d\u2019Enghien.<\/li>\n<\/ul>\n<p>&nbsp;<\/p>\n<ul>\n<li>Pablo Bas. M\u00fasico y artista sonoro argentino, autor del influyente libro \u00abAudio Digital\u00bb (2005), es colaborador en instituciones educativas como UNICEN y <a href=\"http:\/\/utn.ba\/\">BA<\/a>.<\/li>\n<\/ul>\n<p>&nbsp;<\/p>\n<p>Esta propuesta ha sido ganadora de las convocatorias 2023 del Programa Iberm\u00fasicas en la l\u00ednea de acci\u00f3n de \u201cAyudas al Sector Musical en Modalidad Virtual\u201d.<\/p>\n","protected":false},"excerpt":{"rendered":"<p>La m\u00fasica cl\u00e1sica, como veh\u00edculo de expresi\u00f3n cultural y testimonio de la historia, se erige como una manifestaci\u00f3n art\u00edstica intr\u00ednsecamente ligada a la identidad de cada pa\u00eds. En este contexto, surge en Panam\u00e1 Panacl\u00e1sica, un proyecto musical de trascendencia internacional, gestado por Mar Alzamora y Fernando Bustos, reconocidos por su labor en Paisaxe Ensamble, con [&hellip;]<\/p>\n","protected":false},"author":7,"featured_media":18390,"comment_status":"closed","ping_status":"closed","sticky":false,"template":"","format":"standard","meta":{"footnotes":""},"categories":[53],"tags":[],"class_list":["post-18389","post","type-post","status-publish","format-standard","has-post-thumbnail","hentry","category-noticias-generales"],"lang":"es","translations":{"es":18389,"pt":18392},"pll_sync_post":[],"post_mailing_queue_ids":[],"_links":{"self":[{"href":"http:\/\/staging.ibermusicas.org\/index.php\/wp-json\/wp\/v2\/posts\/18389","targetHints":{"allow":["GET"]}}],"collection":[{"href":"http:\/\/staging.ibermusicas.org\/index.php\/wp-json\/wp\/v2\/posts"}],"about":[{"href":"http:\/\/staging.ibermusicas.org\/index.php\/wp-json\/wp\/v2\/types\/post"}],"author":[{"embeddable":true,"href":"http:\/\/staging.ibermusicas.org\/index.php\/wp-json\/wp\/v2\/users\/7"}],"replies":[{"embeddable":true,"href":"http:\/\/staging.ibermusicas.org\/index.php\/wp-json\/wp\/v2\/comments?post=18389"}],"version-history":[{"count":1,"href":"http:\/\/staging.ibermusicas.org\/index.php\/wp-json\/wp\/v2\/posts\/18389\/revisions"}],"predecessor-version":[{"id":18391,"href":"http:\/\/staging.ibermusicas.org\/index.php\/wp-json\/wp\/v2\/posts\/18389\/revisions\/18391"}],"wp:featuredmedia":[{"embeddable":true,"href":"http:\/\/staging.ibermusicas.org\/index.php\/wp-json\/wp\/v2\/media\/18390"}],"wp:attachment":[{"href":"http:\/\/staging.ibermusicas.org\/index.php\/wp-json\/wp\/v2\/media?parent=18389"}],"wp:term":[{"taxonomy":"category","embeddable":true,"href":"http:\/\/staging.ibermusicas.org\/index.php\/wp-json\/wp\/v2\/categories?post=18389"},{"taxonomy":"post_tag","embeddable":true,"href":"http:\/\/staging.ibermusicas.org\/index.php\/wp-json\/wp\/v2\/tags?post=18389"}],"curies":[{"name":"wp","href":"https:\/\/api.w.org\/{rel}","templated":true}]}}