{"id":18392,"date":"2024-04-29T18:05:06","date_gmt":"2024-04-29T18:05:06","guid":{"rendered":"http:\/\/staging.ibermusicas.org\/?p=18392"},"modified":"2024-06-03T17:01:22","modified_gmt":"2024-06-03T17:01:22","slug":"do-panama-chegam-os-podcasts-panaclasica","status":"publish","type":"post","link":"http:\/\/staging.ibermusicas.org\/index.php\/do-panama-chegam-os-podcasts-panaclasica\/","title":{"rendered":"Do Panam\u00e1 chegam os podcasts \u00abPanacl\u00e1sica\u00bb"},"content":{"rendered":"<p>A m\u00fasica cl\u00e1ssica, como ve\u00edculo de express\u00e3o cultural e testemunho da hist\u00f3ria, \u00e9 uma manifesta\u00e7\u00e3o art\u00edstica intrinsecamente ligada \u00e0 identidade de cada pa\u00eds. \u00c9 neste contexto que Panacl\u00e1sica, um projeto musical de transcend\u00eancia internacional, nasce no Panam\u00e1, concebido por Mar Alzamora e Fernando Bustos, reconhecidos pelo seu trabalho em Paisaxe Ensamble, com mais de quinze anos de experi\u00eancia e premiado pelo Programa Iberm\u00fasicas em tr\u00eas ocasi\u00f5es.<\/p>\n<p>&nbsp;<\/p>\n<p>Panacl\u00e1sica prop\u00f5e-se como um podcast transm\u00e9dia vision\u00e1rio que promete abrir uma janela sonora para a rica hist\u00f3ria da m\u00fasica cl\u00e1ssica no Panam\u00e1. O foco inicial no canto e na m\u00fasica coral na temporada inaugural de 2024 evidencia uma sele\u00e7\u00e3o tem\u00e1tica delicadamente considerada e executada. Este repert\u00f3rio, pela sua natureza, exige uma an\u00e1lise minuciosa das fontes, baseada principalmente em entrevistas com as vozes c\u00e9lebres do Panam\u00e1.<\/p>\n<p>&nbsp;<\/p>\n<p>A colabora\u00e7\u00e3o com Pablo Bas, um ilustre compositor, artista e designer de som da Argentina,acrescenta profundidade audiovisual \u00e0 narrativa sonora.<\/p>\n<p>&nbsp;<\/p>\n<p>O podcast ser\u00e1 transmitido mensalmente de maio a dezembro. Ao mesmo tempo, ser\u00e1 oferecido um workshop de podcast cultural aos jovens da Rede de Orquestras do Panam\u00e1, uma experi\u00eancia din\u00e2mica e enriquecedora para aprender as compet\u00eancias essenciais para produzir conte\u00fados sonoros de alta qualidade.<\/p>\n<p>&nbsp;<\/p>\n<p>Fazem parte da Panacl\u00e1sica:<\/p>\n<p>&nbsp;<\/p>\n<ul>\n<li>Mar Alzamora. Contrabaixista, escritora e gestora cultural e co-fundadora do Paisaxe Ensemble. Funde m\u00fasica e explora\u00e7\u00e3o urbana multisensorial. \u00c9 instrutora certificada de Deep Listening\u00ae, escritora em MUSEXPLAT e um mestrado em Artes Contempor\u00e2neas pela Simon Fraser University.<\/li>\n<\/ul>\n<p>&nbsp;<\/p>\n<ul>\n<li>Fernando Bustos. Performer proeminente e membro do Paisaxe Ensemble. Apresentou-se em festivais internacionais e com a Orquestra Sinf\u00f3nica Nacional. A sua experi\u00eancia inclui resid\u00eancias na Academia Barroca Michael Chance e no Centre des Arts d&#8217;Enghien.<\/li>\n<\/ul>\n<p>&nbsp;<\/p>\n<ul>\n<li>Pablo Bas. M\u00fasico e artista sonoro argentino, autor do influente livro \u00abAudio Digital\u00bb (2005), colabora com institui\u00e7\u00f5es de ensino como a UNICEN e a <a href=\"http:\/\/utn.ba\/\">BA<\/a>.<\/li>\n<\/ul>\n<p>&nbsp;<\/p>\n<p>Esta proposta foi vencedora das convocat\u00f3rias 2023 do Programa Iberm\u00fasicas na linha de a\u00e7\u00e3o de \u201cAjudas ao Sector Musical em Modalidade Virtual\u201d.<\/p>\n","protected":false},"excerpt":{"rendered":"<p>A m\u00fasica cl\u00e1ssica, como ve\u00edculo de express\u00e3o cultural e testemunho da hist\u00f3ria, \u00e9 uma manifesta\u00e7\u00e3o art\u00edstica intrinsecamente ligada \u00e0 identidade de cada pa\u00eds. \u00c9 neste contexto que Panacl\u00e1sica, um projeto musical de transcend\u00eancia internacional, nasce no Panam\u00e1, concebido por Mar Alzamora e Fernando Bustos, reconhecidos pelo seu trabalho em Paisaxe Ensamble, com mais de quinze [&hellip;]<\/p>\n","protected":false},"author":7,"featured_media":18390,"comment_status":"closed","ping_status":"closed","sticky":false,"template":"","format":"standard","meta":{"footnotes":""},"categories":[218],"tags":[],"class_list":["post-18392","post","type-post","status-publish","format-standard","has-post-thumbnail","hentry","category-noticias-generales-pt"],"lang":"pt","translations":{"pt":18392,"es":18389},"pll_sync_post":[],"post_mailing_queue_ids":[],"_links":{"self":[{"href":"http:\/\/staging.ibermusicas.org\/index.php\/wp-json\/wp\/v2\/posts\/18392","targetHints":{"allow":["GET"]}}],"collection":[{"href":"http:\/\/staging.ibermusicas.org\/index.php\/wp-json\/wp\/v2\/posts"}],"about":[{"href":"http:\/\/staging.ibermusicas.org\/index.php\/wp-json\/wp\/v2\/types\/post"}],"author":[{"embeddable":true,"href":"http:\/\/staging.ibermusicas.org\/index.php\/wp-json\/wp\/v2\/users\/7"}],"replies":[{"embeddable":true,"href":"http:\/\/staging.ibermusicas.org\/index.php\/wp-json\/wp\/v2\/comments?post=18392"}],"version-history":[{"count":1,"href":"http:\/\/staging.ibermusicas.org\/index.php\/wp-json\/wp\/v2\/posts\/18392\/revisions"}],"predecessor-version":[{"id":18393,"href":"http:\/\/staging.ibermusicas.org\/index.php\/wp-json\/wp\/v2\/posts\/18392\/revisions\/18393"}],"wp:featuredmedia":[{"embeddable":true,"href":"http:\/\/staging.ibermusicas.org\/index.php\/wp-json\/wp\/v2\/media\/18390"}],"wp:attachment":[{"href":"http:\/\/staging.ibermusicas.org\/index.php\/wp-json\/wp\/v2\/media?parent=18392"}],"wp:term":[{"taxonomy":"category","embeddable":true,"href":"http:\/\/staging.ibermusicas.org\/index.php\/wp-json\/wp\/v2\/categories?post=18392"},{"taxonomy":"post_tag","embeddable":true,"href":"http:\/\/staging.ibermusicas.org\/index.php\/wp-json\/wp\/v2\/tags?post=18392"}],"curies":[{"name":"wp","href":"https:\/\/api.w.org\/{rel}","templated":true}]}}