{"id":18399,"date":"2024-04-29T18:08:15","date_gmt":"2024-04-29T18:08:15","guid":{"rendered":"http:\/\/staging.ibermusicas.org\/?p=18399"},"modified":"2024-06-03T16:55:56","modified_gmt":"2024-06-03T16:55:56","slug":"la-artista-ecuatoriana-carla-calasanz-junto-a-la-argentina-vivi-pozzebon-presentan-su-cancion-aguita-de-vieja-ganadora-del-concurso-ibermusicas-de-creacion-de-cancion-2","status":"publish","type":"post","link":"http:\/\/staging.ibermusicas.org\/index.php\/la-artista-ecuatoriana-carla-calasanz-junto-a-la-argentina-vivi-pozzebon-presentan-su-cancion-aguita-de-vieja-ganadora-del-concurso-ibermusicas-de-creacion-de-cancion-2\/","title":{"rendered":"La artista ecuatoriana Carla Calasanz, junto a la argentina Vivi Pozzeb\u00f3n presentan su canci\u00f3n \u201cAg\u00fcita de vieja\u201d, ganadora del concurso Iberm\u00fasicas de Creaci\u00f3n de Canci\u00f2n"},"content":{"rendered":"<p>Cala Calasanz es una cantante, actriz y productora ecuatoriana. En su m\u00fasica fusiona lo bestial y lo sublime, sumergi\u00e9ndose en emociones intensas y explorando los temas que atraviesan su propia historia, como la migraci\u00f3n, la muerte, los v\u00ednculos, los rituales. Compone\u00a0 en medio de la Naturaleza, entre monta\u00f1as nevadas, volcanes, lagos, r\u00edos, conectando con sus emociones y eventualmente viajando al encuentro de amistades que la acompa\u00f1an a parir sus creaciones.<\/p>\n<p>&nbsp;<\/p>\n<p>Este trabajo es un testimonio del poder de transformaci\u00f3n de la m\u00fasica encarnado en la propia historia de la artista. En cada acorde subyace el eco de la migraci\u00f3n de la mujer artista latinoamericana, el perd\u00f3n, el erotismo, el despertar creativo, los v\u00ednculos humanos, la ancestralidad, los rituales, temas que van tejiendo el hilo conductor de historias que se vuelven atemporales. En esta alquimia sonora los duelos se transforman en una celebraci\u00f3n compartida: la m\u00fasica.<\/p>\n<p>&nbsp;<\/p>\n<p>El universo sonoro de la artista se da en un di\u00e1logo entre sonoridades ecuatorianas del Pac\u00edfico Sur antiguas y contempor\u00e1neas y su encuentro con el universo nocturno, apasionado y teatral, incorporando el bolero y la cumbia como lenguajes propios.<\/p>\n<p>&nbsp;<\/p>\n<p>Ag\u00fcita de vieja es un canto a las ra\u00edces ecuatorianas de Carla, sus matices, sus colores, sus historias&#8230; a melancol\u00eda y la celebraci\u00f3n. Fue compuesta en un contexto de residencia art\u00edstica en la Naturaleza, en C\u00f3rdoba y Patagonia Argentina, junto a Vivi Pozzeb\u00f3n, artista cordobesa referente de la m\u00fasica afrolatina en Latinoam\u00e9rica. Las sierras, los lagos, los volcanes, los r\u00edos y arroyos, fueron testigos de ese \u201cexorcismo\u201d que le\u00a0 permiti\u00f3 transformar sus propias penas en m\u00fasica.<\/p>\n<p>&nbsp;<\/p>\n<p>Est\u00e1 dedicada a sus abuelas y a las curanderas de su tierra. En la jerga ecuatoriana, cuando se tienen dolores, sean f\u00edsicos o emocionales, se manda a tomar ag\u00fcita de vieja. En algunos barrios populares existen los aguateros o las\/los curanderas\/ros que venden sus aguas sanadoras. Son como heladeros que exhiben a simple vista sus plantas, frutas y brebajes.<\/p>\n<p>&nbsp;<\/p>\n<p>La canci\u00f3n cuenta con la participaci\u00f3n de Kevin Santos de Ecuador en marimba y percusiones, Vivi Pozzeb\u00f3n de Argentina en percusiones y voces y la producci\u00f3n musical de Grecia Alb\u00e1n de Ecuador.<\/p>\n<p>&nbsp;<\/p>\n<p>&nbsp;<\/p>\n<p><a href=\"https:\/\/open.spotify.com\/intl-es\/track\/0KAlcCeUQFUhFMGrE22OuL?si=e00e55848c2d470d\">https:\/\/open.spotify.com\/intl-es\/track\/0KAlcCeUQFUhFMGrE22OuL?si=e00e55848c2d470d<\/a><\/p>\n","protected":false},"excerpt":{"rendered":"<p>Cala Calasanz es una cantante, actriz y productora ecuatoriana. En su m\u00fasica fusiona lo bestial y lo sublime, sumergi\u00e9ndose en emociones intensas y explorando los temas que atraviesan su propia historia, como la migraci\u00f3n, la muerte, los v\u00ednculos, los rituales. Compone\u00a0 en medio de la Naturaleza, entre monta\u00f1as nevadas, volcanes, lagos, r\u00edos, conectando con sus [&hellip;]<\/p>\n","protected":false},"author":7,"featured_media":18400,"comment_status":"closed","ping_status":"closed","sticky":false,"template":"","format":"standard","meta":{"footnotes":""},"categories":[53],"tags":[],"class_list":["post-18399","post","type-post","status-publish","format-standard","has-post-thumbnail","hentry","category-noticias-generales"],"lang":"es","translations":{"es":18399,"pt":18402},"pll_sync_post":[],"post_mailing_queue_ids":[],"_links":{"self":[{"href":"http:\/\/staging.ibermusicas.org\/index.php\/wp-json\/wp\/v2\/posts\/18399","targetHints":{"allow":["GET"]}}],"collection":[{"href":"http:\/\/staging.ibermusicas.org\/index.php\/wp-json\/wp\/v2\/posts"}],"about":[{"href":"http:\/\/staging.ibermusicas.org\/index.php\/wp-json\/wp\/v2\/types\/post"}],"author":[{"embeddable":true,"href":"http:\/\/staging.ibermusicas.org\/index.php\/wp-json\/wp\/v2\/users\/7"}],"replies":[{"embeddable":true,"href":"http:\/\/staging.ibermusicas.org\/index.php\/wp-json\/wp\/v2\/comments?post=18399"}],"version-history":[{"count":1,"href":"http:\/\/staging.ibermusicas.org\/index.php\/wp-json\/wp\/v2\/posts\/18399\/revisions"}],"predecessor-version":[{"id":18401,"href":"http:\/\/staging.ibermusicas.org\/index.php\/wp-json\/wp\/v2\/posts\/18399\/revisions\/18401"}],"wp:featuredmedia":[{"embeddable":true,"href":"http:\/\/staging.ibermusicas.org\/index.php\/wp-json\/wp\/v2\/media\/18400"}],"wp:attachment":[{"href":"http:\/\/staging.ibermusicas.org\/index.php\/wp-json\/wp\/v2\/media?parent=18399"}],"wp:term":[{"taxonomy":"category","embeddable":true,"href":"http:\/\/staging.ibermusicas.org\/index.php\/wp-json\/wp\/v2\/categories?post=18399"},{"taxonomy":"post_tag","embeddable":true,"href":"http:\/\/staging.ibermusicas.org\/index.php\/wp-json\/wp\/v2\/tags?post=18399"}],"curies":[{"name":"wp","href":"https:\/\/api.w.org\/{rel}","templated":true}]}}