{"id":18404,"date":"2024-04-29T18:11:32","date_gmt":"2024-04-29T18:11:32","guid":{"rendered":"http:\/\/staging.ibermusicas.org\/?p=18404"},"modified":"2024-04-29T18:11:32","modified_gmt":"2024-04-29T18:11:32","slug":"la-cantante-y-compositora-peruana-josefina-nahuis-lleva-su-musica-a-ecuador","status":"publish","type":"post","link":"http:\/\/staging.ibermusicas.org\/index.php\/la-cantante-y-compositora-peruana-josefina-nahuis-lleva-su-musica-a-ecuador\/","title":{"rendered":"La cantante y compositora peruana Josefina \u00d1ahuis lleva su m\u00fasica a Ecuador"},"content":{"rendered":"<p>Josefina \u00d1ahuis, \u201cLa Voz de Oro de Am\u00e9rica\u201d, nacida en Chincheros, Apur\u00edmac, Per\u00fa es egresada de la Universidad Nacional San Crist\u00f3bal de Huamanga, Ayacucho. Cantautora de m\u00fasica andina, promotora e investigadora de m\u00fasica tradicional del Per\u00fa. Tiene en su haber m\u00e1s de siete producciones musicales y acaba de celebrar sus veinte a\u00f1os de vida art\u00edstica.<\/p>\n<p>&nbsp;<\/p>\n<p>Desde el a\u00f1o 2004 al 2006, fue vocalista principal del Conjunto Nacional de la Escuela de Folklore Jos\u00e9 Mar\u00eda Arguedas. En 2011, fue invitada especial para celebrar el Centenario de Machu Picchu, y tres meses despu\u00e9s viaj\u00f3 a Canad\u00e1 para cantar en el Festival Internacional peruano &#8211; canadiense. En el a\u00f1o 2012 particip\u00f3 en la gira internacional \u00abPresentaci\u00f3n del Disco Binacional &#8211; Porque Cantando se Alegra la Vida\u00bb\u00a0 promovida por el Ministerio de Cultura de Ecuador y la embajada de Ecuador en Per\u00fa.<\/p>\n<p>&nbsp;<\/p>\n<p>Entre los a\u00f1os 2012 y 2013 trabaj\u00f3 como promotora cultural del Ministerio de Cultura de Cusco, y posteriormente de 2014 al 2015, form\u00f3 parte del elenco nacional del Ministerio de Cultura, en calidad de vocalista principal del g\u00e9nero andino. Entre los a\u00f1os 2015 al 2020, se desempe\u00f1\u00f3 como int\u00e9rprete y traductora de lengua quechua en el Ministerio de Cultura, siendo la pionera en la implementaci\u00f3n de la ventanilla multiling\u00fce.<\/p>\n<p>&nbsp;<\/p>\n<p>El a\u00f1o 2019, realiz\u00f3 una gira art\u00edstica en Europa, ofreciendo conciertos en los escenarios de Madrid (Espa\u00f1a) y varias ciudades de Italia (Milano, Torino, Firenze, Genova y Roma). Actualmente es directora del Programa Cultural \u201cCantos y Costumbres\u201d, cuya finalidad es el rescate, revaloraci\u00f3n y difusi\u00f3n del canto quechua y popular del Per\u00fa y Am\u00e9rica Latina.<\/p>\n<p>&nbsp;<\/p>\n<p>Josefina \u00d1ahuis, en representaci\u00f3n del Per\u00fa fue invitada al Festival Internacional \u201cEncuentro de Cantoras Sinchi Warmikuna\u201d, que se llevar\u00e1 a cabo en la ciudad de Otavalo, Ecuador.<\/p>\n<p>&nbsp;<\/p>\n<p>Sinchi Warmikuna es un colectivo independiente de mujeres cantoras que tienen el prop\u00f3sito de impulsar el encuentro, el desarrollo art\u00edstico, la investigaci\u00f3n de los cantos tradicionales y la producci\u00f3n de proyectos culturales liderados por mujeres Kichwa de la regi\u00f3n andina del Ecuador. Desde su inicio, la organizaci\u00f3n ha realizado m\u00faltiples propuestas para mantener unida a su comunidad a trav\u00e9s de encuentros, conversatorios, talleres, conciertos, grupos de trabajo organizativo e\u00a0 investigaci\u00f3n de cantos tradicionales.<\/p>\n<p>&nbsp;<\/p>\n<p>La propuesta de Josefina \u00d1ahuis fue premiada por Iberm\u00fasicas en l\u00ednea de acci\u00f3n de Ayudas al Sector Musical para la Circulaci\u00f3n Internacional, convocatoria 2023.<\/p>\n<p>&nbsp;<\/p>\n<p>&nbsp;<\/p>\n<ul>\n<li>Del 2 al 6 de mayo 2024: Encuentro de Cantoras Sinchi Warmikuna, Otavalo, Ecuador<\/li>\n<\/ul>\n","protected":false},"excerpt":{"rendered":"<p>Josefina \u00d1ahuis, \u201cLa Voz de Oro de Am\u00e9rica\u201d, nacida en Chincheros, Apur\u00edmac, Per\u00fa es egresada de la Universidad Nacional San Crist\u00f3bal de Huamanga, Ayacucho. Cantautora de m\u00fasica andina, promotora e investigadora de m\u00fasica tradicional del Per\u00fa. Tiene en su haber m\u00e1s de siete producciones musicales y acaba de celebrar sus veinte a\u00f1os de vida art\u00edstica. [&hellip;]<\/p>\n","protected":false},"author":7,"featured_media":18405,"comment_status":"closed","ping_status":"closed","sticky":false,"template":"","format":"standard","meta":{"footnotes":""},"categories":[53],"tags":[],"class_list":["post-18404","post","type-post","status-publish","format-standard","has-post-thumbnail","hentry","category-noticias-generales"],"lang":"es","translations":{"es":18404,"pt":18407},"pll_sync_post":[],"post_mailing_queue_ids":[],"_links":{"self":[{"href":"http:\/\/staging.ibermusicas.org\/index.php\/wp-json\/wp\/v2\/posts\/18404","targetHints":{"allow":["GET"]}}],"collection":[{"href":"http:\/\/staging.ibermusicas.org\/index.php\/wp-json\/wp\/v2\/posts"}],"about":[{"href":"http:\/\/staging.ibermusicas.org\/index.php\/wp-json\/wp\/v2\/types\/post"}],"author":[{"embeddable":true,"href":"http:\/\/staging.ibermusicas.org\/index.php\/wp-json\/wp\/v2\/users\/7"}],"replies":[{"embeddable":true,"href":"http:\/\/staging.ibermusicas.org\/index.php\/wp-json\/wp\/v2\/comments?post=18404"}],"version-history":[{"count":1,"href":"http:\/\/staging.ibermusicas.org\/index.php\/wp-json\/wp\/v2\/posts\/18404\/revisions"}],"predecessor-version":[{"id":18406,"href":"http:\/\/staging.ibermusicas.org\/index.php\/wp-json\/wp\/v2\/posts\/18404\/revisions\/18406"}],"wp:featuredmedia":[{"embeddable":true,"href":"http:\/\/staging.ibermusicas.org\/index.php\/wp-json\/wp\/v2\/media\/18405"}],"wp:attachment":[{"href":"http:\/\/staging.ibermusicas.org\/index.php\/wp-json\/wp\/v2\/media?parent=18404"}],"wp:term":[{"taxonomy":"category","embeddable":true,"href":"http:\/\/staging.ibermusicas.org\/index.php\/wp-json\/wp\/v2\/categories?post=18404"},{"taxonomy":"post_tag","embeddable":true,"href":"http:\/\/staging.ibermusicas.org\/index.php\/wp-json\/wp\/v2\/tags?post=18404"}],"curies":[{"name":"wp","href":"https:\/\/api.w.org\/{rel}","templated":true}]}}