{"id":18414,"date":"2024-04-29T18:17:56","date_gmt":"2024-04-29T18:17:56","guid":{"rendered":"http:\/\/staging.ibermusicas.org\/?p=18414"},"modified":"2024-06-03T16:55:37","modified_gmt":"2024-06-03T16:55:37","slug":"el-contrabajista-mexicano-benjamin-garcia-presenta-su-trabajo-en-el-conservatori-liceu-de-barcelona","status":"publish","type":"post","link":"http:\/\/staging.ibermusicas.org\/index.php\/el-contrabajista-mexicano-benjamin-garcia-presenta-su-trabajo-en-el-conservatori-liceu-de-barcelona\/","title":{"rendered":"El contrabajista mexicano Benjam\u00edn Garc\u00eda presenta su trabajo en el Conservatori Liceu de Barcelona"},"content":{"rendered":"<p>Jazz en Espa\u00f1ol es el nuevo proyecto del destacado contrabajista mexicano Benjam\u00edn Garc\u00eda, el cual consiste en investigar y adaptar m\u00fasica de jazz creada originalmente en espa\u00f1ol. Su objetivo es fomentar la creaci\u00f3n de m\u00fasica jazz en lengua castellana, dar visibilidad a los m\u00fasicos hispanohablantes de jazz y establecer conexiones tanto en los pa\u00edses de habla hispana como entre m\u00fasicos, improvisadores, compositores y cantautores.<\/p>\n<p>&nbsp;<\/p>\n<p>Benjam\u00edn ha creado un primer repertorio con m\u00fasica de artistas como Magos Herrera, Silvana Estrada, Luc\u00eda Fumero, Juan Quintero y Carlos Aguirre, entre otros destacados nombres.<\/p>\n<p>&nbsp;<\/p>\n<p>Los arreglos de este proyecto son flexibles, dise\u00f1ados para adaptarse a cualquier m\u00fasico e instrumentaci\u00f3n, al igual que cualquier est\u00e1ndar de jazz. La m\u00fasica resultante var\u00eda en cada formaci\u00f3n, manteniendo como constantes el sonido del jazz de vanguardia y la improvisaci\u00f3n en su m\u00e1s alto nivel.<\/p>\n<p>&nbsp;<\/p>\n<p>Benjam\u00edn Garc\u00eda (Ciudad de M\u00e9xico, 1987) es un contrabajista con una amplia trayectoria en el circuito jazz\u00edstico, habiendo colaborado con una amplia variedad de artistas internacionales como Silvana Estrada, Michael Mayo, Jonathan Barber, Vinicius Gomes, Magos Herrera, Neal Smith, La l\u00e1, Tony Mason, Erik Deutch, Mike Moreno, Alex Kautz, Fabio Gouvea, entre otros.<\/p>\n<p>&nbsp;<\/p>\n<p>En 2018 lanz\u00f3 su primer \u00e1lbum titulado \u201cC\u00edclico\u201d, en el que participaron Jacob Wick, Brian Allen, Diego Franco y Gustavo Nandayapa. En 2023 fue galardonado con la beca Fundaci\u00f3 Ferrer Salat para cursar una maestr\u00eda en el prestigioso Conservatori Liceu de Barcelona, Espa\u00f1a. Ha participado en una diversidad de festivales culturales tanto en M\u00e9xico como en otros pa\u00edses como Costa Rica, Colombia, Espa\u00f1a y Canad\u00e1, colaborando con una variedad de artistas destacados en el panorama musical internacional.<\/p>\n<p>&nbsp;<\/p>\n<p>Este proyecto cuenta con el apoyo del Programa Iberm\u00fasicas mediante sus Ayudas para la especializaci\u00f3n y el perfeccionamiento art\u00edstico del Sector Musical.<\/p>\n<ul>\n<li>6 de mayo, 18h: Fundaci\u00f3 Conservatori Liceu de Barcelona,\u00a0 Carrer Nou de la Rambla 88, Barcelona, Espa\u00f1a<\/li>\n<\/ul>\n","protected":false},"excerpt":{"rendered":"<p>Jazz en Espa\u00f1ol es el nuevo proyecto del destacado contrabajista mexicano Benjam\u00edn Garc\u00eda, el cual consiste en investigar y adaptar m\u00fasica de jazz creada originalmente en espa\u00f1ol. Su objetivo es fomentar la creaci\u00f3n de m\u00fasica jazz en lengua castellana, dar visibilidad a los m\u00fasicos hispanohablantes de jazz y establecer conexiones tanto en los pa\u00edses de [&hellip;]<\/p>\n","protected":false},"author":7,"featured_media":18415,"comment_status":"closed","ping_status":"closed","sticky":false,"template":"","format":"standard","meta":{"footnotes":""},"categories":[53],"tags":[],"class_list":["post-18414","post","type-post","status-publish","format-standard","has-post-thumbnail","hentry","category-noticias-generales"],"lang":"es","translations":{"es":18414,"pt":18417},"pll_sync_post":[],"post_mailing_queue_ids":[],"_links":{"self":[{"href":"http:\/\/staging.ibermusicas.org\/index.php\/wp-json\/wp\/v2\/posts\/18414","targetHints":{"allow":["GET"]}}],"collection":[{"href":"http:\/\/staging.ibermusicas.org\/index.php\/wp-json\/wp\/v2\/posts"}],"about":[{"href":"http:\/\/staging.ibermusicas.org\/index.php\/wp-json\/wp\/v2\/types\/post"}],"author":[{"embeddable":true,"href":"http:\/\/staging.ibermusicas.org\/index.php\/wp-json\/wp\/v2\/users\/7"}],"replies":[{"embeddable":true,"href":"http:\/\/staging.ibermusicas.org\/index.php\/wp-json\/wp\/v2\/comments?post=18414"}],"version-history":[{"count":1,"href":"http:\/\/staging.ibermusicas.org\/index.php\/wp-json\/wp\/v2\/posts\/18414\/revisions"}],"predecessor-version":[{"id":18416,"href":"http:\/\/staging.ibermusicas.org\/index.php\/wp-json\/wp\/v2\/posts\/18414\/revisions\/18416"}],"wp:featuredmedia":[{"embeddable":true,"href":"http:\/\/staging.ibermusicas.org\/index.php\/wp-json\/wp\/v2\/media\/18415"}],"wp:attachment":[{"href":"http:\/\/staging.ibermusicas.org\/index.php\/wp-json\/wp\/v2\/media?parent=18414"}],"wp:term":[{"taxonomy":"category","embeddable":true,"href":"http:\/\/staging.ibermusicas.org\/index.php\/wp-json\/wp\/v2\/categories?post=18414"},{"taxonomy":"post_tag","embeddable":true,"href":"http:\/\/staging.ibermusicas.org\/index.php\/wp-json\/wp\/v2\/tags?post=18414"}],"curies":[{"name":"wp","href":"https:\/\/api.w.org\/{rel}","templated":true}]}}