{"id":18417,"date":"2024-04-29T18:19:03","date_gmt":"2024-04-29T18:19:03","guid":{"rendered":"http:\/\/staging.ibermusicas.org\/?p=18417"},"modified":"2024-06-03T17:00:25","modified_gmt":"2024-06-03T17:00:25","slug":"o-contrabaixista-mexicano-benjamin-garcia-apresenta-o-seu-trabalho-no-conservatorio-liceu-de-barcelona","status":"publish","type":"post","link":"http:\/\/staging.ibermusicas.org\/index.php\/o-contrabaixista-mexicano-benjamin-garcia-apresenta-o-seu-trabalho-no-conservatorio-liceu-de-barcelona\/","title":{"rendered":"O contrabaixista mexicano Benjam\u00edn Garc\u00eda apresenta o seu trabalho no Conservat\u00f3rio Liceu de Barcelona"},"content":{"rendered":"<p>Jazz en Espa\u00f1ol \u00e9 o novo projeto do destacado contrabaixista mexicano Benjam\u00edn Garc\u00eda, que consiste na investiga\u00e7\u00e3o e adapta\u00e7\u00e3o de m\u00fasica jazz criada originalmente em espanhol. O seu objetivo \u00e9 promover a cria\u00e7\u00e3o de m\u00fasica jazz em espanhol, dar visibilidade aos m\u00fasicos de jazz de l\u00edngua espanhola e estabelecer liga\u00e7\u00f5es tanto nos pa\u00edses de l\u00edngua espanhola como entre m\u00fasicos, improvisadores, compositores e cantores-compositores.<\/p>\n<p>&nbsp;<\/p>\n<p>Benjam\u00edn criou um primeiro repert\u00f3rio com m\u00fasica de artistas como Magos Herrera, Silvana Estrada, Luc\u00eda Fumero, Juan Quintero e Carlos Aguirre, entre outros nomes de destaque.<\/p>\n<p>&nbsp;<\/p>\n<p>Os arranjos deste projeto s\u00e3o flex\u00edveis, concebidos para se adaptarem a qualquer m\u00fasico e instrumenta\u00e7\u00e3o, bem como a qualquer standard de jazz. A m\u00fasica resultante varia de forma\u00e7\u00e3o para forma\u00e7\u00e3o, mantendo como constantes o som do jazz de vanguarda e a improvisa\u00e7\u00e3o ao seu mais alto n\u00edvel.<\/p>\n<p>&nbsp;<\/p>\n<p>Benjam\u00edn Garc\u00eda (Cidade do M\u00e9xico, 1987) \u00e9 um contrabaixista com uma extensa carreira no circuito de jazz, tendo colaborado com uma grande variedade de artistas internacionais como Silvana Estrada, Michael Mayo, Jonathan Barber, Vinicius Gomes, Magos Herrera, Neal Smith, La l\u00e1, Tony Mason, Erik Deutch, Mike Moreno, Alex Kautz, Fabio Gouvea, entre outros.<\/p>\n<p>&nbsp;<\/p>\n<p>Em 2018, lan\u00e7ou o seu primeiro \u00e1lbum intitulado \u00abC\u00edclico\u00bb, com a participa\u00e7\u00e3o de Jacob Wick, Brian Allen, Diego Franco e Gustavo Nandayapa. Em 2023, recebeu a bolsa de estudos da Fundaci\u00f3 Ferrer Salat para fazer um mestrado no prestigiado Conservatori Liceu em Barcelona, Espanha. Participou em diversos festivais culturais tanto no M\u00e9xico como noutros pa\u00edses como a Costa Rica, Col\u00f4mbia, Espanha e Canad\u00e1, colaborando com diversos artistas de destaque no panorama musical internacional.<\/p>\n<p>&nbsp;<\/p>\n<p>Este projeto conta com o apoio do Programa Iberm\u00fasicas atrav\u00e9s das suas Ajudas \u00e0 especializa\u00e7\u00e3o e ao aperfei\u00e7oamento art\u00edstico e t\u00e9cnico do setor musical<\/p>\n<p>&nbsp;<\/p>\n<ul>\n<li>6 de maio, 18h: Fundaci\u00f3 Conservatori Liceu de Barcelona, Carrer Nou de la Rambla 88, Barcelona, Espanha<\/li>\n<\/ul>\n","protected":false},"excerpt":{"rendered":"<p>Jazz en Espa\u00f1ol \u00e9 o novo projeto do destacado contrabaixista mexicano Benjam\u00edn Garc\u00eda, que consiste na investiga\u00e7\u00e3o e adapta\u00e7\u00e3o de m\u00fasica jazz criada originalmente em espanhol. O seu objetivo \u00e9 promover a cria\u00e7\u00e3o de m\u00fasica jazz em espanhol, dar visibilidade aos m\u00fasicos de jazz de l\u00edngua espanhola e estabelecer liga\u00e7\u00f5es tanto nos pa\u00edses de l\u00edngua [&hellip;]<\/p>\n","protected":false},"author":7,"featured_media":18415,"comment_status":"closed","ping_status":"closed","sticky":false,"template":"","format":"standard","meta":{"footnotes":""},"categories":[218],"tags":[],"class_list":["post-18417","post","type-post","status-publish","format-standard","has-post-thumbnail","hentry","category-noticias-generales-pt"],"lang":"pt","translations":{"pt":18417,"es":18414},"pll_sync_post":[],"post_mailing_queue_ids":[],"_links":{"self":[{"href":"http:\/\/staging.ibermusicas.org\/index.php\/wp-json\/wp\/v2\/posts\/18417","targetHints":{"allow":["GET"]}}],"collection":[{"href":"http:\/\/staging.ibermusicas.org\/index.php\/wp-json\/wp\/v2\/posts"}],"about":[{"href":"http:\/\/staging.ibermusicas.org\/index.php\/wp-json\/wp\/v2\/types\/post"}],"author":[{"embeddable":true,"href":"http:\/\/staging.ibermusicas.org\/index.php\/wp-json\/wp\/v2\/users\/7"}],"replies":[{"embeddable":true,"href":"http:\/\/staging.ibermusicas.org\/index.php\/wp-json\/wp\/v2\/comments?post=18417"}],"version-history":[{"count":1,"href":"http:\/\/staging.ibermusicas.org\/index.php\/wp-json\/wp\/v2\/posts\/18417\/revisions"}],"predecessor-version":[{"id":18418,"href":"http:\/\/staging.ibermusicas.org\/index.php\/wp-json\/wp\/v2\/posts\/18417\/revisions\/18418"}],"wp:featuredmedia":[{"embeddable":true,"href":"http:\/\/staging.ibermusicas.org\/index.php\/wp-json\/wp\/v2\/media\/18415"}],"wp:attachment":[{"href":"http:\/\/staging.ibermusicas.org\/index.php\/wp-json\/wp\/v2\/media?parent=18417"}],"wp:term":[{"taxonomy":"category","embeddable":true,"href":"http:\/\/staging.ibermusicas.org\/index.php\/wp-json\/wp\/v2\/categories?post=18417"},{"taxonomy":"post_tag","embeddable":true,"href":"http:\/\/staging.ibermusicas.org\/index.php\/wp-json\/wp\/v2\/tags?post=18417"}],"curies":[{"name":"wp","href":"https:\/\/api.w.org\/{rel}","templated":true}]}}