{"id":18419,"date":"2024-04-29T18:20:06","date_gmt":"2024-04-29T18:20:06","guid":{"rendered":"http:\/\/staging.ibermusicas.org\/?p=18419"},"modified":"2024-06-03T16:55:30","modified_gmt":"2024-06-03T16:55:30","slug":"la-agrupacion-panamena-kaomi-realiza-su-primera-gira-de-colon-pal-mundo-con-destino-mexico-y-colombia","status":"publish","type":"post","link":"http:\/\/staging.ibermusicas.org\/index.php\/la-agrupacion-panamena-kaomi-realiza-su-primera-gira-de-colon-pal-mundo-con-destino-mexico-y-colombia\/","title":{"rendered":"La agrupaci\u00f3n paname\u00f1a Kaomi realiza su primera gira \u00abDe Col\u00f3n Pal Mundo\u00bb con destino M\u00e9xico y Colombia"},"content":{"rendered":"<p>Kaomi, originaria de la provincia de Col\u00f3n es el vivo sincretismo de la m\u00fasica latinoamericana. Presenciar el arte de la banda paname\u00f1a es encontrarse frente a una Latinoam\u00e9rica unida, que siente, ama y lucha con intensidad.<\/p>\n<p>&nbsp;<\/p>\n<p>El grupo de tres m\u00fasicos y compositores paname\u00f1os integrado por Karina Castillo, quien es la vocalista principal y guitarrista de la banda, Oriel Camargo, el pianista y vocalista y Karla Ruiz, la percusionista y vocalista del grupo, se caracteriza por fusionar sonoridades y ritmos musicales de Latinoam\u00e9rica y el mundo. Le cantan a la diversidad cultural, a la vida, al amor, y a las problem\u00e1ticas sociales. Una de sus particularidades, es el uso del tambor paname\u00f1o y la multiculturalidad de la m\u00fasica de Panam\u00e1, adem\u00e1s de utilizar en algunas presentaciones la narraci\u00f3n oral como herramienta. Sus composiciones poseen elaboradas armon\u00edas vocales que resaltan las letras po\u00e9ticas de sus canciones.<\/p>\n<p>&nbsp;<\/p>\n<p>\u00abSomos\u00bb es su primera producci\u00f3n EP. La misma contiene cinco canciones propias, con diferentes tem\u00e1ticas y la notoria influencia de la m\u00fasica folcl\u00f3rica paname\u00f1a de variados g\u00e9neros como el son cubano, el reggae, la cumbia, el soul, y el pop.<\/p>\n<p>&nbsp;<\/p>\n<p>Karina, Oriel y Karla, aparte de ser m\u00fasicos tambi\u00e9n est\u00e1n relacionados con la educaci\u00f3n y el activismo, a trav\u00e9s de su movimiento Juventud Cultural en pro de los j\u00f3venes, la cultura y las artes, creando talleres, conversatorios educacionales, presentaciones art\u00edsticas, festivales, colaboraciones, pe\u00f1as culturales y su primera campa\u00f1a \u201cNo lo Digas\u201d la cual tiene como raz\u00f3n social la lucha contra el racismo y la discriminaci\u00f3n.<\/p>\n<p>&nbsp;<\/p>\n<p>Kaomi es una propuesta ganadora de las Ayudas a la Circulaci\u00f3n de Iberm\u00fasicas convocatoria 2023.<\/p>\n<p>&nbsp;<\/p>\n<p>&nbsp;<\/p>\n<ul>\n<li>del 6 al 11 de mayo: gira por Colombia<\/li>\n<li>del 12 al 27 de mayo: gira por M\u00e9xico<\/li>\n<\/ul>\n","protected":false},"excerpt":{"rendered":"<p>Kaomi, originaria de la provincia de Col\u00f3n es el vivo sincretismo de la m\u00fasica latinoamericana. Presenciar el arte de la banda paname\u00f1a es encontrarse frente a una Latinoam\u00e9rica unida, que siente, ama y lucha con intensidad. &nbsp; El grupo de tres m\u00fasicos y compositores paname\u00f1os integrado por Karina Castillo, quien es la vocalista principal y [&hellip;]<\/p>\n","protected":false},"author":7,"featured_media":18429,"comment_status":"closed","ping_status":"closed","sticky":false,"template":"","format":"standard","meta":{"footnotes":""},"categories":[53],"tags":[],"class_list":["post-18419","post","type-post","status-publish","format-standard","has-post-thumbnail","hentry","category-noticias-generales"],"lang":"es","translations":{"es":18419,"pt":18422},"pll_sync_post":[],"post_mailing_queue_ids":[],"_links":{"self":[{"href":"http:\/\/staging.ibermusicas.org\/index.php\/wp-json\/wp\/v2\/posts\/18419","targetHints":{"allow":["GET"]}}],"collection":[{"href":"http:\/\/staging.ibermusicas.org\/index.php\/wp-json\/wp\/v2\/posts"}],"about":[{"href":"http:\/\/staging.ibermusicas.org\/index.php\/wp-json\/wp\/v2\/types\/post"}],"author":[{"embeddable":true,"href":"http:\/\/staging.ibermusicas.org\/index.php\/wp-json\/wp\/v2\/users\/7"}],"replies":[{"embeddable":true,"href":"http:\/\/staging.ibermusicas.org\/index.php\/wp-json\/wp\/v2\/comments?post=18419"}],"version-history":[{"count":1,"href":"http:\/\/staging.ibermusicas.org\/index.php\/wp-json\/wp\/v2\/posts\/18419\/revisions"}],"predecessor-version":[{"id":18421,"href":"http:\/\/staging.ibermusicas.org\/index.php\/wp-json\/wp\/v2\/posts\/18419\/revisions\/18421"}],"wp:featuredmedia":[{"embeddable":true,"href":"http:\/\/staging.ibermusicas.org\/index.php\/wp-json\/wp\/v2\/media\/18429"}],"wp:attachment":[{"href":"http:\/\/staging.ibermusicas.org\/index.php\/wp-json\/wp\/v2\/media?parent=18419"}],"wp:term":[{"taxonomy":"category","embeddable":true,"href":"http:\/\/staging.ibermusicas.org\/index.php\/wp-json\/wp\/v2\/categories?post=18419"},{"taxonomy":"post_tag","embeddable":true,"href":"http:\/\/staging.ibermusicas.org\/index.php\/wp-json\/wp\/v2\/tags?post=18419"}],"curies":[{"name":"wp","href":"https:\/\/api.w.org\/{rel}","templated":true}]}}