{"id":18422,"date":"2024-04-29T18:21:04","date_gmt":"2024-04-29T18:21:04","guid":{"rendered":"http:\/\/staging.ibermusicas.org\/?p=18422"},"modified":"2024-06-03T17:00:18","modified_gmt":"2024-06-03T17:00:18","slug":"a-banda-panamenha-kaomi-faz-a-sua-primeira-digressao-de-colon-pal-mundo-ao-mexico-e-a-colombia","status":"publish","type":"post","link":"http:\/\/staging.ibermusicas.org\/index.php\/a-banda-panamenha-kaomi-faz-a-sua-primeira-digressao-de-colon-pal-mundo-ao-mexico-e-a-colombia\/","title":{"rendered":"A banda panamenha Kaomi faz a sua primeira digress\u00e3o \u00abDe Col\u00f3n Pal Mundo\u00bb ao M\u00e9xico e \u00e0 Col\u00f4mbia"},"content":{"rendered":"<p>Kaomi, origin\u00e1ria da prov\u00edncia de Col\u00f3n, \u00e9 o sincretismo vivo da m\u00fasica latino-americana. Testemunhar a arte da banda panamenha \u00e9 encontrar-se diante de uma Am\u00e9rica Latina unida que sente, ama e luta com intensidade.<\/p>\n<p>&nbsp;<\/p>\n<p>O grupo de tr\u00eas m\u00fasicos e compositores panamenhos, composto por Karina Castillo, vocalista principal e guitarrista da banda, Oriel Camargo, pianista e vocalista, e Karla Ruiz, percussionista e vocalista do grupo, caracteriza-se por uma fus\u00e3o de sons e ritmos musicais da Am\u00e9rica Latina e do mundo. Cantam sobre a diversidade cultural, a vida, o amor e as quest\u00f5es sociais. Uma das suas particularidades \u00e9 a utiliza\u00e7\u00e3o do tambor panamiano e a natureza multicultural da m\u00fasica panamenha, bem como a utiliza\u00e7\u00e3o da narra\u00e7\u00e3o oral como ferramenta em algumas das suas atua\u00e7\u00f5es. As suas composi\u00e7\u00f5es t\u00eam harmonias vocais elaboradas que real\u00e7am as letras po\u00e9ticas das suas can\u00e7\u00f5es.<\/p>\n<p>&nbsp;<\/p>\n<p>\u00abSomos\u00bb \u00e9 o primeiro EP produzido pela banda. Cont\u00e9m cinco can\u00e7\u00f5es de sua autoria, com diferentes temas e a not\u00f3ria influ\u00eancia da m\u00fasica folcl\u00f3rica panamenha de v\u00e1rios g\u00e9neros, como o son cubano, o reggae, a cumbia, o soul e o pop.<\/p>\n<p>&nbsp;<\/p>\n<p>Karina, Oriel e Karla, para al\u00e9m de serem m\u00fasicos, est\u00e3o tamb\u00e9m envolvidos na educa\u00e7\u00e3o e no ativismo, atrav\u00e9s do seu movimento Juventud Cultural a favor dos jovens, da cultura e das artes, criando workshops, palestras educativas, apresenta\u00e7\u00f5es art\u00edsticas, festivais, colabora\u00e7\u00f5es, pe\u00f1as culturais e a sua primeira campanha \u00abNo lo Digas\u00bb que tem como raz\u00e3o social a luta contra o racismo e a discrimina\u00e7\u00e3o.<\/p>\n<p>&nbsp;<\/p>\n<p>Kaomi es una propuesta ganadora de las Ayudas a la Circulaci\u00f3n de Iberm\u00fasicas convocatoria 2023.<\/p>\n<p>&nbsp;<\/p>\n<ul>\n<li>de 6 a 11 de maio: digress\u00e3o pela Col\u00f4mbia<\/li>\n<li>de 12 a 27 de maio: digress\u00e3o pelo M\u00e9xico<\/li>\n<\/ul>\n","protected":false},"excerpt":{"rendered":"<p>Kaomi, origin\u00e1ria da prov\u00edncia de Col\u00f3n, \u00e9 o sincretismo vivo da m\u00fasica latino-americana. Testemunhar a arte da banda panamenha \u00e9 encontrar-se diante de uma Am\u00e9rica Latina unida que sente, ama e luta com intensidade. &nbsp; O grupo de tr\u00eas m\u00fasicos e compositores panamenhos, composto por Karina Castillo, vocalista principal e guitarrista da banda, Oriel Camargo, [&hellip;]<\/p>\n","protected":false},"author":7,"featured_media":18430,"comment_status":"closed","ping_status":"closed","sticky":false,"template":"","format":"standard","meta":{"footnotes":""},"categories":[218],"tags":[],"class_list":["post-18422","post","type-post","status-publish","format-standard","has-post-thumbnail","hentry","category-noticias-generales-pt"],"lang":"pt","translations":{"pt":18422,"es":18419},"pll_sync_post":[],"post_mailing_queue_ids":[],"_links":{"self":[{"href":"http:\/\/staging.ibermusicas.org\/index.php\/wp-json\/wp\/v2\/posts\/18422","targetHints":{"allow":["GET"]}}],"collection":[{"href":"http:\/\/staging.ibermusicas.org\/index.php\/wp-json\/wp\/v2\/posts"}],"about":[{"href":"http:\/\/staging.ibermusicas.org\/index.php\/wp-json\/wp\/v2\/types\/post"}],"author":[{"embeddable":true,"href":"http:\/\/staging.ibermusicas.org\/index.php\/wp-json\/wp\/v2\/users\/7"}],"replies":[{"embeddable":true,"href":"http:\/\/staging.ibermusicas.org\/index.php\/wp-json\/wp\/v2\/comments?post=18422"}],"version-history":[{"count":1,"href":"http:\/\/staging.ibermusicas.org\/index.php\/wp-json\/wp\/v2\/posts\/18422\/revisions"}],"predecessor-version":[{"id":18423,"href":"http:\/\/staging.ibermusicas.org\/index.php\/wp-json\/wp\/v2\/posts\/18422\/revisions\/18423"}],"wp:featuredmedia":[{"embeddable":true,"href":"http:\/\/staging.ibermusicas.org\/index.php\/wp-json\/wp\/v2\/media\/18430"}],"wp:attachment":[{"href":"http:\/\/staging.ibermusicas.org\/index.php\/wp-json\/wp\/v2\/media?parent=18422"}],"wp:term":[{"taxonomy":"category","embeddable":true,"href":"http:\/\/staging.ibermusicas.org\/index.php\/wp-json\/wp\/v2\/categories?post=18422"},{"taxonomy":"post_tag","embeddable":true,"href":"http:\/\/staging.ibermusicas.org\/index.php\/wp-json\/wp\/v2\/tags?post=18422"}],"curies":[{"name":"wp","href":"https:\/\/api.w.org\/{rel}","templated":true}]}}