{"id":18424,"date":"2024-04-29T18:22:41","date_gmt":"2024-04-29T18:22:41","guid":{"rendered":"http:\/\/staging.ibermusicas.org\/?p=18424"},"modified":"2024-06-03T16:55:24","modified_gmt":"2024-06-03T16:55:24","slug":"llega-una-nueva-edicion-de-bime-bogota","status":"publish","type":"post","link":"http:\/\/staging.ibermusicas.org\/index.php\/llega-una-nueva-edicion-de-bime-bogota\/","title":{"rendered":"Llega una nueva edici\u00f3n de BIME Bogot\u00e1"},"content":{"rendered":"<p>BIME, el encuentro internacional de industria musical de referencia mundial espera reunir en Bogot\u00e1, del 8 al 11 de mayo, a m\u00e1s de 2.000 profesionales en torno a una completa programaci\u00f3n, con casi un centenar de actividades y m\u00e1s de 60 conciertos donde se dar\u00e1n a conocer las estrellas del futuro. Una cita de cuatro d\u00edas que convertir\u00e1 la capital colombiana en epicentro de innovaci\u00f3n para construir en conjunto el pr\u00f3ximo cap\u00edtulo de la industria musical.<\/p>\n<p>&nbsp;<\/p>\n<p>Adem\u00e1s de los conciertos de grandes figuras, BIME Pro acoger\u00e1 conversaciones en torno a las principales tendencias de la industria musical como el papel de TikTok en el desarrollo de las carreras art\u00edsticas, el fen\u00f3meno de los estadios, el desarrollo y exportaci\u00f3n de talento latino, los retos de la sostenibilidad en los espect\u00e1culos en vivo y los caminos para vincular a las audiencias, la fascinante historia del movimiento cultural y musical de la Rep\u00fablica Dominicana: el dembow, el impacto global de la m\u00fasica mexicana, el estado de la m\u00fasica latina y su alcance global sin precedentes, las nuevas dimensiones creativas y legislativas que ofrece la Inteligencia Artificial, el arte y el m\u00e9todo de hacer grandes canciones, las oportunidades creativas de la m\u00fasica en los videojuegos, o los nuevos modelos de negocio.<\/p>\n<p>&nbsp;<\/p>\n<p>Adem\u00e1s, BIME Campus, de la mano de la Fundaci\u00f3n SGAE, ofrecer\u00e1 un valioso programa de formaci\u00f3n, en el que los asistentes recibir\u00e1n de la mano de expertos del sector masterclasses relacionadas con la gesti\u00f3n colectiva y la Inteligencia Artificial, la internacionalizaci\u00f3n de artistas, supervisi\u00f3n musical, c\u00f3mo dominar el arte de la conversi\u00f3n con los medios de comunicaci\u00f3n, o los datos clave en el mundo de la gesti\u00f3n cultural para la industria de la m\u00fasica.<\/p>\n<p>&nbsp;<\/p>\n<p>Con el objetivo de fomentar el networking y la conexi\u00f3n entre territorios y profesionales, habr\u00e1 diferentes sesiones de speed meetings, pitching, c\u00f3cteles y recepciones de la mano de la Embajada espa\u00f1ola en Colombia, Sounds from Spain, Canad\u00e1, ELPAUER, Fundaci\u00f3n SGAE o ProChile; adem\u00e1s de grupos de trabajo internacionales, y la presencia de delegaciones de profesionales de pa\u00edses como, Canad\u00e1, Colombia, Chile, Costa Rica, Espa\u00f1a, Per\u00fa, Uruguay o Venezuela, entre otros. BIME contin\u00faa la senda de colaboraci\u00f3n iniciada en el 2022 con el Ministerio de Cultura de Espa\u00f1a a trav\u00e9s de Conexiones i, un itinerario de capacitaci\u00f3n y apoyo a la internacionalizaci\u00f3n de empresas y profesionales de la m\u00fasica en el marco de la programaci\u00f3n de BIME.<\/p>\n<p>&nbsp;<\/p>\n<p>En este marco, se celebran tambi\u00e9n encuentros impulsados por diferentes organismos internacionales en los que, a trav\u00e9s de mesas de trabajo, se buscan soluciones a futuro para la industria musical, con temas tan relevantes como los desaf\u00edos culturales y musicales en el marco de la igualdad, una mesa de trabajo liderada MIM; el estado actual y los retos de los medios de comunicaci\u00f3n musicales, de la mano de la Alianza Faro; las nuevas formas de impulsar la escena musical entre el Pa\u00eds Vasco y Colombia, presentada por BASQUE.MUSIC; o la colaboraci\u00f3n p\u00fablico-privada en la exportaci\u00f3n y circulaci\u00f3n de m\u00fasica en Latinoam\u00e9rica, con la participaci\u00f3n de ICEX, ProChile, Iberm\u00fasicas, PROCOLOMBIA, entre otras.<\/p>\n<p>&nbsp;<\/p>\n<p>Habr\u00e1 tambi\u00e9n un espacio para la co-creaci\u00f3n musical con Sesiones BIME, el laboratorio musical que busca estimular la colaboraci\u00f3n art\u00edstica, y los encuentros de songwriting y producci\u00f3n entre artistas de diferentes territorios, y que cuenta con la curadur\u00eda de Oso Polita.<\/p>\n<p>&nbsp;<\/p>\n<p>Con el apoyo de Iberm\u00fasicas, BIME presenta a Claudia Pereira (Chile), CEO de Somos Fuego Music, miembro de la Red de Delegadas de BIME Bogot\u00e1 24, participante en sesi\u00f3n de Speed Meetings y participante en paneles; Ulises Sanher (M\u00e9xico), CEO \/ Fundador Equal Music, miembro de la Red de Delegados de BIME Bogot\u00e1 24 y participante en sesi\u00f3n de Speed Meetings y Gonzalo Lopez Pinasco (Per\u00fa), de\u00a0 PAF Producciones, Fundador \/ Productor, ponente de \u201cEl punk y los nuevos puentes del underground iberoamericano.\u201d<\/p>\n<p>&nbsp;<\/p>\n<p>&nbsp;<\/p>\n<ul>\n<li>Del 8 al 11 de mayo en Bogot\u00e1<\/li>\n<\/ul>\n","protected":false},"excerpt":{"rendered":"<p>BIME, el encuentro internacional de industria musical de referencia mundial espera reunir en Bogot\u00e1, del 8 al 11 de mayo, a m\u00e1s de 2.000 profesionales en torno a una completa programaci\u00f3n, con casi un centenar de actividades y m\u00e1s de 60 conciertos donde se dar\u00e1n a conocer las estrellas del futuro. Una cita de cuatro [&hellip;]<\/p>\n","protected":false},"author":7,"featured_media":18425,"comment_status":"closed","ping_status":"closed","sticky":false,"template":"","format":"standard","meta":{"footnotes":""},"categories":[53],"tags":[],"class_list":["post-18424","post","type-post","status-publish","format-standard","has-post-thumbnail","hentry","category-noticias-generales"],"lang":"es","translations":{"es":18424,"pt":18427},"pll_sync_post":[],"post_mailing_queue_ids":[],"_links":{"self":[{"href":"http:\/\/staging.ibermusicas.org\/index.php\/wp-json\/wp\/v2\/posts\/18424","targetHints":{"allow":["GET"]}}],"collection":[{"href":"http:\/\/staging.ibermusicas.org\/index.php\/wp-json\/wp\/v2\/posts"}],"about":[{"href":"http:\/\/staging.ibermusicas.org\/index.php\/wp-json\/wp\/v2\/types\/post"}],"author":[{"embeddable":true,"href":"http:\/\/staging.ibermusicas.org\/index.php\/wp-json\/wp\/v2\/users\/7"}],"replies":[{"embeddable":true,"href":"http:\/\/staging.ibermusicas.org\/index.php\/wp-json\/wp\/v2\/comments?post=18424"}],"version-history":[{"count":1,"href":"http:\/\/staging.ibermusicas.org\/index.php\/wp-json\/wp\/v2\/posts\/18424\/revisions"}],"predecessor-version":[{"id":18426,"href":"http:\/\/staging.ibermusicas.org\/index.php\/wp-json\/wp\/v2\/posts\/18424\/revisions\/18426"}],"wp:featuredmedia":[{"embeddable":true,"href":"http:\/\/staging.ibermusicas.org\/index.php\/wp-json\/wp\/v2\/media\/18425"}],"wp:attachment":[{"href":"http:\/\/staging.ibermusicas.org\/index.php\/wp-json\/wp\/v2\/media?parent=18424"}],"wp:term":[{"taxonomy":"category","embeddable":true,"href":"http:\/\/staging.ibermusicas.org\/index.php\/wp-json\/wp\/v2\/categories?post=18424"},{"taxonomy":"post_tag","embeddable":true,"href":"http:\/\/staging.ibermusicas.org\/index.php\/wp-json\/wp\/v2\/tags?post=18424"}],"curies":[{"name":"wp","href":"https:\/\/api.w.org\/{rel}","templated":true}]}}