{"id":18427,"date":"2024-04-29T18:23:43","date_gmt":"2024-04-29T18:23:43","guid":{"rendered":"http:\/\/staging.ibermusicas.org\/?p=18427"},"modified":"2024-06-03T17:00:03","modified_gmt":"2024-06-03T17:00:03","slug":"llega-una-nueva-edicion-de-bime-bogota-2","status":"publish","type":"post","link":"http:\/\/staging.ibermusicas.org\/index.php\/llega-una-nueva-edicion-de-bime-bogota-2\/","title":{"rendered":"Llega una nueva edici\u00f3n de BIME Bogot\u00e1"},"content":{"rendered":"<p><strong>Chega uma nova edi\u00e7\u00e3o do BIME Bogot\u00e1<\/strong><\/p>\n<p>&nbsp;<\/p>\n<p>&nbsp;<\/p>\n<p>BIME, o encontro internacional da ind\u00fastria musical de refer\u00eancia mundial, espera reunir em Bogot\u00e1, de 8 a 11 de maio, mais de 2.000 profissionais em torno de um programa completo, com quase uma centena de actividades e mais de 60 concertos onde ser\u00e3o reveladas as estrelas do futuro. Um evento de quatro dias que transformar\u00e1 a capital colombiana num epicentro de inova\u00e7\u00e3o para construir em conjunto o pr\u00f3ximo cap\u00edtulo da ind\u00fastria musical.<\/p>\n<p>&nbsp;<\/p>\n<p>Para al\u00e9m dos concertos de grandes nomes, o BIME Pro acolher\u00e1 conversas em torno das principais tend\u00eancias da ind\u00fastria musical, como o papel do TikTok no desenvolvimento de carreiras art\u00edsticas, o fen\u00f3meno dos est\u00e1dios, o desenvolvimento e a exporta\u00e7\u00e3o do talento latino, os desafios da sustentabilidade nos espect\u00e1culos ao vivo e as formas de envolver o p\u00fablico, a fascinante hist\u00f3ria do movimento cultural e musical da Rep\u00fablica Dominicana: o dembow, o impacto global da m\u00fasica mexicana, o estado da m\u00fasica latina e o seu alcance global sem precedentes, as novas dimens\u00f5es criativas e legislativas oferecidas pela Intelig\u00eancia Artificial, a arte e o m\u00e9todo de fazer grandes can\u00e7\u00f5es, as oportunidades criativas da m\u00fasica nos videojogos, ou os novos modelos de neg\u00f3cio.<\/p>\n<p>&nbsp;<\/p>\n<p>Al\u00e9m disso, o BIME Campus, em colabora\u00e7\u00e3o com a Funda\u00e7\u00e3o SGAE, oferecer\u00e1 um valioso programa de forma\u00e7\u00e3o, no qual os participantes receber\u00e3o masterclasses de especialistas da ind\u00fastria relacionados com a gest\u00e3o colectiva e a Intelig\u00eancia Artificial, a internacionaliza\u00e7\u00e3o de artistas, a supervis\u00e3o musical, como dominar a arte da convers\u00e3o com os meios de comunica\u00e7\u00e3o ou os dados-chave no mundo da gest\u00e3o cultural para a ind\u00fastria musical.<\/p>\n<p>&nbsp;<\/p>\n<p>Com o objetivo de promover o networking e a liga\u00e7\u00e3o entre territ\u00f3rios e profissionais, haver\u00e1 diferentes speed meetings, sess\u00f5es de pitching, cocktails e recep\u00e7\u00f5es organizadas pela Embaixada de Espanha na Col\u00f4mbia, Sounds from Spain, Canada, ELPAUER, Fundaci\u00f3n SGAE ou ProChile; bem como grupos de trabalho internacionais, e a presen\u00e7a de delega\u00e7\u00f5es de profissionais de pa\u00edses como o Canad\u00e1, Col\u00f4mbia, Chile, Costa Rica, Espanha, Peru, Uruguai ou Venezuela, entre outros. O BIME continua o caminho de colabora\u00e7\u00e3o iniciado em 2022 com o Minist\u00e9rio da Cultura de Espanha atrav\u00e9s do Conexiones i, um itiner\u00e1rio de forma\u00e7\u00e3o e apoio \u00e0 internacionaliza\u00e7\u00e3o de empresas e profissionais da m\u00fasica no \u00e2mbito do programa BIME.<\/p>\n<p>&nbsp;<\/p>\n<p>Neste \u00e2mbito, h\u00e1 tamb\u00e9m encontros promovidos por diferentes organiza\u00e7\u00f5es internacionais em que, atrav\u00e9s de grupos de trabalho, se procuram solu\u00e7\u00f5es para o futuro da ind\u00fastria musical, com temas relevantes como os desafios culturais e musicais no \u00e2mbito da igualdade, um grupo de trabalho liderado pelo MIM; o estado atual e os desafios dos meios de comunica\u00e7\u00e3o musical, pela Faro Alliance; novas formas de promover a cena musical entre o Pa\u00eds Basco e a Col\u00f4mbia, apresentadas pela BASQUE.MUSIC; ou a colabora\u00e7\u00e3o p\u00fablico-privada na exporta\u00e7\u00e3o e circula\u00e7\u00e3o da m\u00fasica na Am\u00e9rica Latina, com a participa\u00e7\u00e3o de ICEX, ProChile, Iberm\u00fasicas, PROCOLOMBIA, entre outros.<\/p>\n<p>&nbsp;<\/p>\n<p>Haver\u00e1 tamb\u00e9m um espa\u00e7o de co-cria\u00e7\u00e3o musical com o BIME Sessions, o laborat\u00f3rio musical que procura estimular a colabora\u00e7\u00e3o art\u00edstica, e encontros de composi\u00e7\u00e3o e produ\u00e7\u00e3o entre artistas de diferentes territ\u00f3rios, com curadoria de Oso Polita.<\/p>\n<p>&nbsp;<\/p>\n<p>Com o apoio do Iberm\u00fasicas, o BIME apresenta a Claudia Pereira (Chile), CEO da Somos Fuego Music, membro da Rede de Delegados do BIME Bogot\u00e1 24, participante na sess\u00e3o de Speed Meetings e participante nos pain\u00e9is; Ulises Sanher (M\u00e9xico), CEO \/ Fundador Equal Music, membro da Rede de Delegados do BIME Bogot\u00e1 24 e participante na sess\u00e3o de Speed Meetings e Gonzalo Lopez Pinasco (Peru), da PAF Producciones, Fundador \/ Produtor, orador sobre \u201cO punk e as novas pontes do underground ibero-americano. \u201c<\/p>\n<p>&nbsp;<\/p>\n<ul>\n<li>De 8 a 11 de maio em Bogot\u00e1<\/li>\n<\/ul>\n","protected":false},"excerpt":{"rendered":"<p>Chega uma nova edi\u00e7\u00e3o do BIME Bogot\u00e1 &nbsp; &nbsp; BIME, o encontro internacional da ind\u00fastria musical de refer\u00eancia mundial, espera reunir em Bogot\u00e1, de 8 a 11 de maio, mais de 2.000 profissionais em torno de um programa completo, com quase uma centena de actividades e mais de 60 concertos onde ser\u00e3o reveladas as estrelas [&hellip;]<\/p>\n","protected":false},"author":7,"featured_media":18425,"comment_status":"closed","ping_status":"closed","sticky":false,"template":"","format":"standard","meta":{"footnotes":""},"categories":[218],"tags":[],"class_list":["post-18427","post","type-post","status-publish","format-standard","has-post-thumbnail","hentry","category-noticias-generales-pt"],"lang":"pt","translations":{"pt":18427,"es":18424},"pll_sync_post":[],"post_mailing_queue_ids":[],"_links":{"self":[{"href":"http:\/\/staging.ibermusicas.org\/index.php\/wp-json\/wp\/v2\/posts\/18427","targetHints":{"allow":["GET"]}}],"collection":[{"href":"http:\/\/staging.ibermusicas.org\/index.php\/wp-json\/wp\/v2\/posts"}],"about":[{"href":"http:\/\/staging.ibermusicas.org\/index.php\/wp-json\/wp\/v2\/types\/post"}],"author":[{"embeddable":true,"href":"http:\/\/staging.ibermusicas.org\/index.php\/wp-json\/wp\/v2\/users\/7"}],"replies":[{"embeddable":true,"href":"http:\/\/staging.ibermusicas.org\/index.php\/wp-json\/wp\/v2\/comments?post=18427"}],"version-history":[{"count":1,"href":"http:\/\/staging.ibermusicas.org\/index.php\/wp-json\/wp\/v2\/posts\/18427\/revisions"}],"predecessor-version":[{"id":18428,"href":"http:\/\/staging.ibermusicas.org\/index.php\/wp-json\/wp\/v2\/posts\/18427\/revisions\/18428"}],"wp:featuredmedia":[{"embeddable":true,"href":"http:\/\/staging.ibermusicas.org\/index.php\/wp-json\/wp\/v2\/media\/18425"}],"wp:attachment":[{"href":"http:\/\/staging.ibermusicas.org\/index.php\/wp-json\/wp\/v2\/media?parent=18427"}],"wp:term":[{"taxonomy":"category","embeddable":true,"href":"http:\/\/staging.ibermusicas.org\/index.php\/wp-json\/wp\/v2\/categories?post=18427"},{"taxonomy":"post_tag","embeddable":true,"href":"http:\/\/staging.ibermusicas.org\/index.php\/wp-json\/wp\/v2\/tags?post=18427"}],"curies":[{"name":"wp","href":"https:\/\/api.w.org\/{rel}","templated":true}]}}