{"id":18431,"date":"2024-04-29T18:27:31","date_gmt":"2024-04-29T18:27:31","guid":{"rendered":"http:\/\/staging.ibermusicas.org\/?p=18431"},"modified":"2024-06-03T16:51:42","modified_gmt":"2024-06-03T16:51:42","slug":"desde-mendillorri-pamplona-ben-yart-lleva-su-propuesta-de-trap-electronica-flamenco-y-folclore-vasco-al-bime-bogota","status":"publish","type":"post","link":"http:\/\/staging.ibermusicas.org\/index.php\/desde-mendillorri-pamplona-ben-yart-lleva-su-propuesta-de-trap-electronica-flamenco-y-folclore-vasco-al-bime-bogota\/","title":{"rendered":"Desde Mendillorri, Pamplona, Ben Yart lleva su propuesta de trap, electr\u00f3nica, flamenco y folclore vasco al BIME Bogot\u00e1"},"content":{"rendered":"<p>Ben Yart traslada a su m\u00fasica el relato de su vida, sus experiencias y el d\u00eda a d\u00eda de un chaval de Mendillorri en Pamplona. En su m\u00fasica combina elementos del trap, la electr\u00f3nica, el flamenco y el folclore vasco. Es el miembro con mayor visibilidad del colectivo musical navarro Chill Mafia.<\/p>\n<p>&nbsp;<\/p>\n<p>Tras publicar sus primeros temas a trav\u00e9s de YouTube, se ha labrado r\u00e1pidamente un espacio en el panorama urbano espa\u00f1ol. De la mano de Oso Polita, lanz\u00f3 su single Ma\u00f1aneo en 2021, seguido de la primera mixtape completa, Pitxu en Casa, compuesta y producida por el propio artista en la cual explora la soledad que el aislamiento le brind\u00f3 y el desfase sin prop\u00f3sito alguno. En 2023, tras el \u00e9xito de Ceros, su single en Gallery Sessions, Ben Yart lanza la mixtape hom\u00f3nima, Ceros, con 11 tracks que mezclan crudeza e iron\u00eda a partes<\/p>\n<p>iguales, a la que sigue su \u00faltimo single Popper.<\/p>\n<p>&nbsp;<\/p>\n<p>En constante efervescencia art\u00edstica, el de Mendillorri contin\u00faa escalando en la escena musical, habiendo girado por todo el Estado junto a su colectivo Chill Mafia, haciendo parada en festivales como Bilbao BBK Live o Riverland.<\/p>\n<p>&nbsp;<\/p>\n<p>La propuesta de Ben Yart cuenta con el apoyo de Iberm\u00fasicas mediante su l\u00ednea de Ayudas a la Circulaci\u00f3n, convocatoria 2023.<\/p>\n<p>&nbsp;<\/p>\n<p>&nbsp;<\/p>\n<ul>\n<li>Del 8 al 11 de mayo en BIME Bogot\u00e1<\/li>\n<\/ul>\n","protected":false},"excerpt":{"rendered":"<p>Ben Yart traslada a su m\u00fasica el relato de su vida, sus experiencias y el d\u00eda a d\u00eda de un chaval de Mendillorri en Pamplona. En su m\u00fasica combina elementos del trap, la electr\u00f3nica, el flamenco y el folclore vasco. Es el miembro con mayor visibilidad del colectivo musical navarro Chill Mafia. &nbsp; Tras publicar [&hellip;]<\/p>\n","protected":false},"author":7,"featured_media":18432,"comment_status":"closed","ping_status":"closed","sticky":false,"template":"","format":"standard","meta":{"footnotes":""},"categories":[53],"tags":[],"class_list":["post-18431","post","type-post","status-publish","format-standard","has-post-thumbnail","hentry","category-noticias-generales"],"lang":"es","translations":{"es":18431,"pt":18434},"pll_sync_post":[],"post_mailing_queue_ids":[],"_links":{"self":[{"href":"http:\/\/staging.ibermusicas.org\/index.php\/wp-json\/wp\/v2\/posts\/18431","targetHints":{"allow":["GET"]}}],"collection":[{"href":"http:\/\/staging.ibermusicas.org\/index.php\/wp-json\/wp\/v2\/posts"}],"about":[{"href":"http:\/\/staging.ibermusicas.org\/index.php\/wp-json\/wp\/v2\/types\/post"}],"author":[{"embeddable":true,"href":"http:\/\/staging.ibermusicas.org\/index.php\/wp-json\/wp\/v2\/users\/7"}],"replies":[{"embeddable":true,"href":"http:\/\/staging.ibermusicas.org\/index.php\/wp-json\/wp\/v2\/comments?post=18431"}],"version-history":[{"count":1,"href":"http:\/\/staging.ibermusicas.org\/index.php\/wp-json\/wp\/v2\/posts\/18431\/revisions"}],"predecessor-version":[{"id":18433,"href":"http:\/\/staging.ibermusicas.org\/index.php\/wp-json\/wp\/v2\/posts\/18431\/revisions\/18433"}],"wp:featuredmedia":[{"embeddable":true,"href":"http:\/\/staging.ibermusicas.org\/index.php\/wp-json\/wp\/v2\/media\/18432"}],"wp:attachment":[{"href":"http:\/\/staging.ibermusicas.org\/index.php\/wp-json\/wp\/v2\/media?parent=18431"}],"wp:term":[{"taxonomy":"category","embeddable":true,"href":"http:\/\/staging.ibermusicas.org\/index.php\/wp-json\/wp\/v2\/categories?post=18431"},{"taxonomy":"post_tag","embeddable":true,"href":"http:\/\/staging.ibermusicas.org\/index.php\/wp-json\/wp\/v2\/tags?post=18431"}],"curies":[{"name":"wp","href":"https:\/\/api.w.org\/{rel}","templated":true}]}}