{"id":18434,"date":"2024-04-29T18:28:51","date_gmt":"2024-04-29T18:28:51","guid":{"rendered":"http:\/\/staging.ibermusicas.org\/?p=18434"},"modified":"2024-06-03T16:59:57","modified_gmt":"2024-06-03T16:59:57","slug":"de-mendillorri-pamplona-ben-yart-leva-ao-bime-bogota-a-sua-musica-trap-eletronica-flamenca-e-folclorica-basca","status":"publish","type":"post","link":"http:\/\/staging.ibermusicas.org\/index.php\/de-mendillorri-pamplona-ben-yart-leva-ao-bime-bogota-a-sua-musica-trap-eletronica-flamenca-e-folclorica-basca\/","title":{"rendered":"De Mendillorri, Pamplona, Ben Yart leva ao BIME Bogot\u00e1 a sua m\u00fasica trap, eletr\u00f3nica, flamenca e folcl\u00f3rica basca"},"content":{"rendered":"<p>Ben Yart traduz na sua m\u00fasica a hist\u00f3ria da sua vida, as suas experi\u00eancias e o dia a dia de um mi\u00fado de Mendillorri em Pamplona.\u00a0 A sua m\u00fasica combina elementos de trap, eletr\u00f3nica, flamenco e folclore basco. \u00c9 o membro mais vis\u00edvel do coletivo musical navarro Chill Mafia.<\/p>\n<p>&nbsp;<\/p>\n<p>Depois de lan\u00e7ar as suas primeiras faixas no YouTube, rapidamente conquistou um espa\u00e7o na cena urbana espanhola. Com a ajuda de Oso Polita, lan\u00e7ou o seu single Ma\u00f1aneo em 2021, seguido da primeira mixtape completa, Pitxu en Casa, composta e produzida pelo pr\u00f3prio artista, na qual explora a solid\u00e3o que o isolamento lhe trouxe e a falta de objectivos. Em 2023, ap\u00f3s o sucesso de Ceros, o seu single das Gallery Sessions, Ben Yart lan\u00e7a a mixtape hom\u00f3nima, Ceros, com 11 faixas que misturam crueza e ironia em partes iguais. Seguido do seu \u00faltimo single, Popper.<\/p>\n<p>&nbsp;<\/p>\n<p>Em constante efervesc\u00eancia art\u00edstica, o natural de Mendillorri continua a subir na cena musical, tendo percorrido toda a Espanha com o seu coletivo Chill Mafia, passando por festivais como Bilbao BBK Live e Riverland.<\/p>\n<p>&nbsp;<\/p>\n<p>A proposta de Ben Yart \u00e9 apoiada pelo Programa Iberm\u00fasicas atrav\u00e9s da sua linha de Ajudas \u00e0 Circula\u00e7\u00e3o, edital 2023.<\/p>\n<p>&nbsp;<\/p>\n<ul>\n<li>De 8 a 11 de maio no BIME Bogot\u00e1<\/li>\n<\/ul>\n","protected":false},"excerpt":{"rendered":"<p>Ben Yart traduz na sua m\u00fasica a hist\u00f3ria da sua vida, as suas experi\u00eancias e o dia a dia de um mi\u00fado de Mendillorri em Pamplona.\u00a0 A sua m\u00fasica combina elementos de trap, eletr\u00f3nica, flamenco e folclore basco. \u00c9 o membro mais vis\u00edvel do coletivo musical navarro Chill Mafia. &nbsp; Depois de lan\u00e7ar as suas [&hellip;]<\/p>\n","protected":false},"author":7,"featured_media":18432,"comment_status":"closed","ping_status":"closed","sticky":false,"template":"","format":"standard","meta":{"footnotes":""},"categories":[218],"tags":[],"class_list":["post-18434","post","type-post","status-publish","format-standard","has-post-thumbnail","hentry","category-noticias-generales-pt"],"lang":"pt","translations":{"pt":18434,"es":18431},"pll_sync_post":[],"post_mailing_queue_ids":[],"_links":{"self":[{"href":"http:\/\/staging.ibermusicas.org\/index.php\/wp-json\/wp\/v2\/posts\/18434","targetHints":{"allow":["GET"]}}],"collection":[{"href":"http:\/\/staging.ibermusicas.org\/index.php\/wp-json\/wp\/v2\/posts"}],"about":[{"href":"http:\/\/staging.ibermusicas.org\/index.php\/wp-json\/wp\/v2\/types\/post"}],"author":[{"embeddable":true,"href":"http:\/\/staging.ibermusicas.org\/index.php\/wp-json\/wp\/v2\/users\/7"}],"replies":[{"embeddable":true,"href":"http:\/\/staging.ibermusicas.org\/index.php\/wp-json\/wp\/v2\/comments?post=18434"}],"version-history":[{"count":1,"href":"http:\/\/staging.ibermusicas.org\/index.php\/wp-json\/wp\/v2\/posts\/18434\/revisions"}],"predecessor-version":[{"id":18435,"href":"http:\/\/staging.ibermusicas.org\/index.php\/wp-json\/wp\/v2\/posts\/18434\/revisions\/18435"}],"wp:featuredmedia":[{"embeddable":true,"href":"http:\/\/staging.ibermusicas.org\/index.php\/wp-json\/wp\/v2\/media\/18432"}],"wp:attachment":[{"href":"http:\/\/staging.ibermusicas.org\/index.php\/wp-json\/wp\/v2\/media?parent=18434"}],"wp:term":[{"taxonomy":"category","embeddable":true,"href":"http:\/\/staging.ibermusicas.org\/index.php\/wp-json\/wp\/v2\/categories?post=18434"},{"taxonomy":"post_tag","embeddable":true,"href":"http:\/\/staging.ibermusicas.org\/index.php\/wp-json\/wp\/v2\/tags?post=18434"}],"curies":[{"name":"wp","href":"https:\/\/api.w.org\/{rel}","templated":true}]}}