{"id":18436,"date":"2024-04-29T18:29:44","date_gmt":"2024-04-29T18:29:44","guid":{"rendered":"http:\/\/staging.ibermusicas.org\/?p=18436"},"modified":"2024-06-03T16:51:36","modified_gmt":"2024-06-03T16:51:36","slug":"el-duo-chileno-argentino-ta-otra-percusion-presenta-ta-la-en-brasil","status":"publish","type":"post","link":"http:\/\/staging.ibermusicas.org\/index.php\/el-duo-chileno-argentino-ta-otra-percusion-presenta-ta-la-en-brasil\/","title":{"rendered":"El d\u00fao chileno-argentino Ta! Otra Percusi\u00f3n presenta Ta! La en Brasil"},"content":{"rendered":"<p>Ta! Otra Percusi\u00f3n es un novedoso d\u00fao integrado por los percusionistas SKA y Santiago Kuschnir. Ta! La es su nuevo espect\u00e1culo, lleno de\u00a0 colores, texturas, sonidos, adrenalina y virtuosismo. Cuecas, chacareras, boleros, corridos entre otros, se unen en un espect\u00e1culo en\u00e9rgico e hipn\u00f3tico. Toda la elegancia y riqueza de los ritmos latinoamericanos, con el toque y la visi\u00f3n \u00fanicos de Ta! Otra Percusi\u00f3n.<\/p>\n<p>&nbsp;<\/p>\n<p>\u201cTa! La en Brasil\u201d ser\u00e1 una serie de tres conciertos y tres master classes de \u201cPercusi\u00f3n de los Andes y el R\u00edo de la Plata\u201d que se llevar\u00e1n a cabo en las ciudades de Macei\u00f3, Uberl\u00e2ndia y S\u00e3o Paulo.<\/p>\n<p>&nbsp;<\/p>\n<p>Sus espect\u00e1culos tienen como protagonistas la percusi\u00f3n y su di\u00e1logo con la escena. Los montajes avanzan en medio de una variada gama de instrumentos, chatarras y materiales varios, visuales en vivo y juegos lum\u00ednicos. Los ritmos e im\u00e1genes sumergen al espectador en una atm\u00f3sfera que cautiva y sorprende. TA! es un d\u00fao \u00fanico, cuyos espect\u00e1culos est\u00e1n destinados a toda persona que desee experimentar algo nuevo.<\/p>\n<p>&nbsp;<\/p>\n<p>Ta! Otra Percusi\u00f3n es un proyecto ganador de las convocatorias Iberm\u00fasicas 2023 en la modalidad de Ayudas al Sector Musical para la Circulaci\u00f3n.<\/p>\n<p>&nbsp;<\/p>\n<p>&nbsp;<\/p>\n<ul>\n<li>9 de mayo, Concierto en IV Percufal \u2013 Encontro Internacional de Percuss\u00e3o da ETA \/UFAL, Macei\u00f3, AL, Brasil<\/li>\n<li>10 de mayo, Masterclass en Departamento de M\u00fasica de la Universidad Federal de Alagoas, sede Macei\u00f3, AL, Brasil<\/li>\n<li>13 de mayo, 19h, Concierto en Sala Camargo Guarnieri, Campus Santa M\u00f3nica, UFU, Brasil<\/li>\n<li>14 de mayo, Masterclass en Departamento de M\u00fasica, Campus Santa M\u00f3nica, UFU, Brasil<\/li>\n<li>16 de mayo, 13h, &#8211; Concierto en Biblioteca Mindlin, Universidade de Sao Paulo, Brasil<\/li>\n<li>17 de mayo, Masterclass en Departamento de M\u00fasica de la USP, Brasil<\/li>\n<\/ul>\n","protected":false},"excerpt":{"rendered":"<p>Ta! Otra Percusi\u00f3n es un novedoso d\u00fao integrado por los percusionistas SKA y Santiago Kuschnir. Ta! La es su nuevo espect\u00e1culo, lleno de\u00a0 colores, texturas, sonidos, adrenalina y virtuosismo. Cuecas, chacareras, boleros, corridos entre otros, se unen en un espect\u00e1culo en\u00e9rgico e hipn\u00f3tico. Toda la elegancia y riqueza de los ritmos latinoamericanos, con el toque [&hellip;]<\/p>\n","protected":false},"author":7,"featured_media":18437,"comment_status":"closed","ping_status":"closed","sticky":false,"template":"","format":"standard","meta":{"footnotes":""},"categories":[53],"tags":[],"class_list":["post-18436","post","type-post","status-publish","format-standard","has-post-thumbnail","hentry","category-noticias-generales"],"lang":"es","translations":{"es":18436,"pt":18439},"pll_sync_post":[],"post_mailing_queue_ids":[],"_links":{"self":[{"href":"http:\/\/staging.ibermusicas.org\/index.php\/wp-json\/wp\/v2\/posts\/18436","targetHints":{"allow":["GET"]}}],"collection":[{"href":"http:\/\/staging.ibermusicas.org\/index.php\/wp-json\/wp\/v2\/posts"}],"about":[{"href":"http:\/\/staging.ibermusicas.org\/index.php\/wp-json\/wp\/v2\/types\/post"}],"author":[{"embeddable":true,"href":"http:\/\/staging.ibermusicas.org\/index.php\/wp-json\/wp\/v2\/users\/7"}],"replies":[{"embeddable":true,"href":"http:\/\/staging.ibermusicas.org\/index.php\/wp-json\/wp\/v2\/comments?post=18436"}],"version-history":[{"count":1,"href":"http:\/\/staging.ibermusicas.org\/index.php\/wp-json\/wp\/v2\/posts\/18436\/revisions"}],"predecessor-version":[{"id":18438,"href":"http:\/\/staging.ibermusicas.org\/index.php\/wp-json\/wp\/v2\/posts\/18436\/revisions\/18438"}],"wp:featuredmedia":[{"embeddable":true,"href":"http:\/\/staging.ibermusicas.org\/index.php\/wp-json\/wp\/v2\/media\/18437"}],"wp:attachment":[{"href":"http:\/\/staging.ibermusicas.org\/index.php\/wp-json\/wp\/v2\/media?parent=18436"}],"wp:term":[{"taxonomy":"category","embeddable":true,"href":"http:\/\/staging.ibermusicas.org\/index.php\/wp-json\/wp\/v2\/categories?post=18436"},{"taxonomy":"post_tag","embeddable":true,"href":"http:\/\/staging.ibermusicas.org\/index.php\/wp-json\/wp\/v2\/tags?post=18436"}],"curies":[{"name":"wp","href":"https:\/\/api.w.org\/{rel}","templated":true}]}}