{"id":18439,"date":"2024-04-29T18:32:06","date_gmt":"2024-04-29T18:32:06","guid":{"rendered":"http:\/\/staging.ibermusicas.org\/?p=18439"},"modified":"2024-06-03T16:59:51","modified_gmt":"2024-06-03T16:59:51","slug":"o-duo-chileno-argentino-ta-otra-percusion-apresenta-ta-la-no-brasil","status":"publish","type":"post","link":"http:\/\/staging.ibermusicas.org\/index.php\/o-duo-chileno-argentino-ta-otra-percusion-apresenta-ta-la-no-brasil\/","title":{"rendered":"O d\u00fao chileno-argentino Ta! Otra Percusi\u00f3n apresenta Ta! La no Brasil"},"content":{"rendered":"<p>Ta! Otra Percusi\u00f3n \u00e9 um duo inovador formado pelos percussionistas SKA e Santiago Kuschnir. Ta! La \u00e9 o seu novo espet\u00e1culo, cheio de cores, texturas, sons, adrenalina e virtuosismo. Cuecas, chacareras, boleros, corridos, entre outros, juntam-se num espet\u00e1culo en\u00e9rgico e hipn\u00f3tico. Toda a eleg\u00e2ncia e riqueza dos ritmos latino-americanos, com o toque e a vis\u00e3o \u00fanica de Ta! Otra Percusi\u00f3n.<\/p>\n<p>&nbsp;<\/p>\n<p>\u00abTa! La no Brasil\u00bb ser\u00e1 uma s\u00e9rie de tr\u00eas concertos e tr\u00eas masterclasses de \u00abPercuss\u00e3o dos Andes e do Rio da Prata\u00bb que ter\u00e3o lugar nas cidades de Macei\u00f3, Uberl\u00e2ndia e S\u00e3o Paulo.<\/p>\n<p>&nbsp;<\/p>\n<p>Os protagonistas de seus espet\u00e1culos s\u00e3o a percuss\u00e3o e seu di\u00e1logo com o palco. As produ\u00e7\u00f5es acontecem em meio a uma gama variada de instrumentos, sucatas e materiais diversos, efeitos visuais ao vivo e jogos de luz. Os ritmos e as imagens mergulham o espetador numa atmosfera que cativa e surpreende. TA! \u00e9 um duo \u00fanico, cujos espect\u00e1culos se destinam a todos os que queiram experimentar algo novo.<\/p>\n<p>&nbsp;<\/p>\n<p>Ta! Otra Percusi\u00f3n \u00e9 um projeto vencedor do concurso Iberm\u00fasicas 2023 na modalidade de Ayudas ao Sector Musical para a Circula\u00e7\u00e3o.<\/p>\n<p>&nbsp;<\/p>\n<ul>\n<li>9 de maio, Concerto no IV Percufal &#8211; Encontro Internacional de Percuss\u00e3o da ETA \/UFAL, Macei\u00f3, AL, Brasil<\/li>\n<li>10 de maio, Masterclass no Departamento de M\u00fasica da Universidade Federal de Alagoas, Macei\u00f3, AL, Brasil<\/li>\n<li>13 de maio, 19h, Concerto na Sala Camargo Guarnieri, Campus Santa M\u00f4nica, UFU, Brasil<\/li>\n<li>14 de maio, Masterclass no Departamento de M\u00fasica, Campus Santa M\u00f3nica, UFU, Brasil<\/li>\n<li>16 de maio, 13h, &#8211; Concerto na Biblioteca Mindlin, Universidade de S\u00e3o Paulo, Brasil<\/li>\n<li>17 de maio, Masterclass no Departamento de M\u00fasica, USP, Brasil<\/li>\n<\/ul>\n","protected":false},"excerpt":{"rendered":"<p>Ta! Otra Percusi\u00f3n \u00e9 um duo inovador formado pelos percussionistas SKA e Santiago Kuschnir. Ta! La \u00e9 o seu novo espet\u00e1culo, cheio de cores, texturas, sons, adrenalina e virtuosismo. Cuecas, chacareras, boleros, corridos, entre outros, juntam-se num espet\u00e1culo en\u00e9rgico e hipn\u00f3tico. Toda a eleg\u00e2ncia e riqueza dos ritmos latino-americanos, com o toque e a vis\u00e3o [&hellip;]<\/p>\n","protected":false},"author":7,"featured_media":18437,"comment_status":"closed","ping_status":"closed","sticky":false,"template":"","format":"standard","meta":{"footnotes":""},"categories":[218],"tags":[],"class_list":["post-18439","post","type-post","status-publish","format-standard","has-post-thumbnail","hentry","category-noticias-generales-pt"],"lang":"pt","translations":{"pt":18439,"es":18436},"pll_sync_post":[],"post_mailing_queue_ids":[],"_links":{"self":[{"href":"http:\/\/staging.ibermusicas.org\/index.php\/wp-json\/wp\/v2\/posts\/18439","targetHints":{"allow":["GET"]}}],"collection":[{"href":"http:\/\/staging.ibermusicas.org\/index.php\/wp-json\/wp\/v2\/posts"}],"about":[{"href":"http:\/\/staging.ibermusicas.org\/index.php\/wp-json\/wp\/v2\/types\/post"}],"author":[{"embeddable":true,"href":"http:\/\/staging.ibermusicas.org\/index.php\/wp-json\/wp\/v2\/users\/7"}],"replies":[{"embeddable":true,"href":"http:\/\/staging.ibermusicas.org\/index.php\/wp-json\/wp\/v2\/comments?post=18439"}],"version-history":[{"count":1,"href":"http:\/\/staging.ibermusicas.org\/index.php\/wp-json\/wp\/v2\/posts\/18439\/revisions"}],"predecessor-version":[{"id":18440,"href":"http:\/\/staging.ibermusicas.org\/index.php\/wp-json\/wp\/v2\/posts\/18439\/revisions\/18440"}],"wp:featuredmedia":[{"embeddable":true,"href":"http:\/\/staging.ibermusicas.org\/index.php\/wp-json\/wp\/v2\/media\/18437"}],"wp:attachment":[{"href":"http:\/\/staging.ibermusicas.org\/index.php\/wp-json\/wp\/v2\/media?parent=18439"}],"wp:term":[{"taxonomy":"category","embeddable":true,"href":"http:\/\/staging.ibermusicas.org\/index.php\/wp-json\/wp\/v2\/categories?post=18439"},{"taxonomy":"post_tag","embeddable":true,"href":"http:\/\/staging.ibermusicas.org\/index.php\/wp-json\/wp\/v2\/tags?post=18439"}],"curies":[{"name":"wp","href":"https:\/\/api.w.org\/{rel}","templated":true}]}}