{"id":18441,"date":"2024-04-29T18:33:01","date_gmt":"2024-04-29T18:33:01","guid":{"rendered":"http:\/\/staging.ibermusicas.org\/?p=18441"},"modified":"2024-06-03T16:51:31","modified_gmt":"2024-06-03T16:51:31","slug":"continua-durante-el-mes-de-mayo-el-tour-de-mercados-internacionales-incuba-raiz-con-presencia-en-bogota-y-en-atenas","status":"publish","type":"post","link":"http:\/\/staging.ibermusicas.org\/index.php\/continua-durante-el-mes-de-mayo-el-tour-de-mercados-internacionales-incuba-raiz-con-presencia-en-bogota-y-en-atenas\/","title":{"rendered":"Contin\u00faa durante el mes de mayo el Tour de Mercados internacionales Incuba Ra\u00edz con presencia en Bogot\u00e1 y en Atenas"},"content":{"rendered":"<p>Incuba ra\u00edz tiene como prop\u00f3sito la internacionalizaci\u00f3n de talento, a trav\u00e9s de un programa de desarrollo de proyectos, la circulaci\u00f3n y exportaci\u00f3n. Es la incubadora y aceleradora de proyectos vinculados a la Industria Musical, liderados por mujeres y comunidad LGTBIQ+, que tiene como prop\u00f3sito la exportaci\u00f3n de talento femenino. Nace de la colaboraci\u00f3n entre organizaciones de Espa\u00f1a y Argentina, buscando una fuerte integraci\u00f3n iberoamericana, e incorpora en su 3era edici\u00f3n 2024 a Colombia y Per\u00fa como pa\u00edses asociados.<\/p>\n<p>&nbsp;<\/p>\n<p>Beatriz Ortega y Natalia Pizzuto, responsables de las ediciones anteriores del Incuba Ra\u00edz se ocupar\u00e1n de posicionar talento emergente femenino de excelente nivel. Durante 2024 llevar\u00e1n adelante un tour de mercados internacionales. Ser\u00e1 la oportunidad de promover a los 30 proyectos art\u00edsticos incubados en las 2 ediciones de Incuba Ra\u00edz (2022 y 2023), de los g\u00e9neros: indie, m\u00fasica electr\u00f3nica, world music, pop y rock, cumpliendo con las acciones de aceleraci\u00f3n de los proyectos desarrollados en esta misma incubadora, consolidando la presencia internacional de Incuba Raiz y abriendo paso al talento de las pr\u00f3ximas ediciones de la incubadora: con una nueva edici\u00f3n que inicia en Septiembre 2024 (convocatoria abierta a partir del 15 de mayo).<\/p>\n<p>&nbsp;<\/p>\n<p>Este proyecto ha sido premiado por Iberm\u00fasicas en su l\u00ednea de acci\u00f3n de Ayudas al Sector Musical para la Circulaci\u00f3n.<\/p>\n<p>&nbsp;<\/p>\n<ul>\n<li>8, 9 y 10 de mayo BIME PRO, Bogot\u00e1, Colombia<\/li>\n<li>Del 22 al 25 de mayo ATHENS MUSIC WEEK, Atenas, Grecia<\/li>\n<\/ul>\n<p>&nbsp;<\/p>\n","protected":false},"excerpt":{"rendered":"<p>Incuba ra\u00edz tiene como prop\u00f3sito la internacionalizaci\u00f3n de talento, a trav\u00e9s de un programa de desarrollo de proyectos, la circulaci\u00f3n y exportaci\u00f3n. Es la incubadora y aceleradora de proyectos vinculados a la Industria Musical, liderados por mujeres y comunidad LGTBIQ+, que tiene como prop\u00f3sito la exportaci\u00f3n de talento femenino. Nace de la colaboraci\u00f3n entre organizaciones [&hellip;]<\/p>\n","protected":false},"author":7,"featured_media":18442,"comment_status":"closed","ping_status":"closed","sticky":false,"template":"","format":"standard","meta":{"footnotes":""},"categories":[53],"tags":[],"class_list":["post-18441","post","type-post","status-publish","format-standard","has-post-thumbnail","hentry","category-noticias-generales"],"lang":"es","translations":{"es":18441,"pt":18444},"pll_sync_post":[],"post_mailing_queue_ids":[],"_links":{"self":[{"href":"http:\/\/staging.ibermusicas.org\/index.php\/wp-json\/wp\/v2\/posts\/18441","targetHints":{"allow":["GET"]}}],"collection":[{"href":"http:\/\/staging.ibermusicas.org\/index.php\/wp-json\/wp\/v2\/posts"}],"about":[{"href":"http:\/\/staging.ibermusicas.org\/index.php\/wp-json\/wp\/v2\/types\/post"}],"author":[{"embeddable":true,"href":"http:\/\/staging.ibermusicas.org\/index.php\/wp-json\/wp\/v2\/users\/7"}],"replies":[{"embeddable":true,"href":"http:\/\/staging.ibermusicas.org\/index.php\/wp-json\/wp\/v2\/comments?post=18441"}],"version-history":[{"count":1,"href":"http:\/\/staging.ibermusicas.org\/index.php\/wp-json\/wp\/v2\/posts\/18441\/revisions"}],"predecessor-version":[{"id":18443,"href":"http:\/\/staging.ibermusicas.org\/index.php\/wp-json\/wp\/v2\/posts\/18441\/revisions\/18443"}],"wp:featuredmedia":[{"embeddable":true,"href":"http:\/\/staging.ibermusicas.org\/index.php\/wp-json\/wp\/v2\/media\/18442"}],"wp:attachment":[{"href":"http:\/\/staging.ibermusicas.org\/index.php\/wp-json\/wp\/v2\/media?parent=18441"}],"wp:term":[{"taxonomy":"category","embeddable":true,"href":"http:\/\/staging.ibermusicas.org\/index.php\/wp-json\/wp\/v2\/categories?post=18441"},{"taxonomy":"post_tag","embeddable":true,"href":"http:\/\/staging.ibermusicas.org\/index.php\/wp-json\/wp\/v2\/tags?post=18441"}],"curies":[{"name":"wp","href":"https:\/\/api.w.org\/{rel}","templated":true}]}}