{"id":18444,"date":"2024-04-29T18:35:48","date_gmt":"2024-04-29T18:35:48","guid":{"rendered":"http:\/\/staging.ibermusicas.org\/?p=18444"},"modified":"2024-06-03T16:59:45","modified_gmt":"2024-06-03T16:59:45","slug":"a-incuba-raiz-international-market-tour-continua-em-maio-com-presenca-em-bogota-e-em-atenas","status":"publish","type":"post","link":"http:\/\/staging.ibermusicas.org\/index.php\/a-incuba-raiz-international-market-tour-continua-em-maio-com-presenca-em-bogota-e-em-atenas\/","title":{"rendered":"A Incuba Ra\u00edz International Market Tour continua em maio com presen\u00e7a em Bogot\u00e1 e em Atenas"},"content":{"rendered":"<p>A Incuba Raiz tem o objetivo de internacionalizar talentos por meio de um programa de desenvolvimento, circula\u00e7\u00e3o e exporta\u00e7\u00e3o de projetos. \u00c9 a incubadora e aceleradora de projetos ligados ao setor musical, liderados por mulheres e pela comunidade LGTBIQ+, cujo objetivo \u00e9 exportar o talento feminino. Nasceu da colabora\u00e7\u00e3o entre organiza\u00e7\u00f5es da Espanha e da Argentina em procura de uma forte integra\u00e7\u00e3o ibero-americana, e incorpora na sua 3\u00aa edi\u00e7\u00e3o a Col\u00f4mbia e o Peru como pa\u00edses asociados.<\/p>\n<p>&nbsp;<\/p>\n<p>Beatriz Ortega e Natalia Pizzuto, respons\u00e1veis pelas edi\u00e7\u00f5es anteriores da Incuba Ra\u00edz, ser\u00e3o encarregadas de posicionar talentos femininos emergentes de excelente n\u00edvel. Durante 2024, elas realizar\u00e3o uma turn\u00ea por mercados internacionais. Essa ser\u00e1 a oportunidade de promover os 30 projetos art\u00edsticos incubados nas 2 edi\u00e7\u00f5es do Incuba Ra\u00edz (2022 e 2023), dos seguintes g\u00eaneros: indie, m\u00fasica eletr\u00f4nica, world music, pop e rock, cumprindo as a\u00e7\u00f5es de acelera\u00e7\u00e3o dos projetos desenvolvidos nessa mesma incubadora,<\/p>\n<p>consolidando a presen\u00e7a internacional da Incuba Raiz e abrindo caminho ao talento das pr\u00f3ximas edi\u00e7\u00f5es da incubadora: com uma nova edi\u00e7\u00e3o que come\u00e7a em setembro de 2024 (concurso aberto a partir de 15 de maio).<\/p>\n<p>&nbsp;<\/p>\n<p>Esse projeto foi premiado pelo Iberm\u00fasicas em sua linha de a\u00e7\u00e3o de Ajudas ao Setor Musical para Circula\u00e7\u00e3o.<\/p>\n<p>&nbsp;<\/p>\n<ul>\n<li>8, 9 e 10 de maio, BIME PRO, Bogot\u00e1, Col\u00f4mbia<\/li>\n<li>22 a 25 de maio, ATHENS MUSIC WEEK, Atenas, Gr\u00e9cia<\/li>\n<\/ul>\n","protected":false},"excerpt":{"rendered":"<p>A Incuba Raiz tem o objetivo de internacionalizar talentos por meio de um programa de desenvolvimento, circula\u00e7\u00e3o e exporta\u00e7\u00e3o de projetos. \u00c9 a incubadora e aceleradora de projetos ligados ao setor musical, liderados por mulheres e pela comunidade LGTBIQ+, cujo objetivo \u00e9 exportar o talento feminino. Nasceu da colabora\u00e7\u00e3o entre organiza\u00e7\u00f5es da Espanha e da [&hellip;]<\/p>\n","protected":false},"author":7,"featured_media":18442,"comment_status":"closed","ping_status":"closed","sticky":false,"template":"","format":"standard","meta":{"footnotes":""},"categories":[218],"tags":[],"class_list":["post-18444","post","type-post","status-publish","format-standard","has-post-thumbnail","hentry","category-noticias-generales-pt"],"lang":"pt","translations":{"pt":18444,"es":18441},"pll_sync_post":[],"post_mailing_queue_ids":[],"_links":{"self":[{"href":"http:\/\/staging.ibermusicas.org\/index.php\/wp-json\/wp\/v2\/posts\/18444","targetHints":{"allow":["GET"]}}],"collection":[{"href":"http:\/\/staging.ibermusicas.org\/index.php\/wp-json\/wp\/v2\/posts"}],"about":[{"href":"http:\/\/staging.ibermusicas.org\/index.php\/wp-json\/wp\/v2\/types\/post"}],"author":[{"embeddable":true,"href":"http:\/\/staging.ibermusicas.org\/index.php\/wp-json\/wp\/v2\/users\/7"}],"replies":[{"embeddable":true,"href":"http:\/\/staging.ibermusicas.org\/index.php\/wp-json\/wp\/v2\/comments?post=18444"}],"version-history":[{"count":1,"href":"http:\/\/staging.ibermusicas.org\/index.php\/wp-json\/wp\/v2\/posts\/18444\/revisions"}],"predecessor-version":[{"id":18445,"href":"http:\/\/staging.ibermusicas.org\/index.php\/wp-json\/wp\/v2\/posts\/18444\/revisions\/18445"}],"wp:featuredmedia":[{"embeddable":true,"href":"http:\/\/staging.ibermusicas.org\/index.php\/wp-json\/wp\/v2\/media\/18442"}],"wp:attachment":[{"href":"http:\/\/staging.ibermusicas.org\/index.php\/wp-json\/wp\/v2\/media?parent=18444"}],"wp:term":[{"taxonomy":"category","embeddable":true,"href":"http:\/\/staging.ibermusicas.org\/index.php\/wp-json\/wp\/v2\/categories?post=18444"},{"taxonomy":"post_tag","embeddable":true,"href":"http:\/\/staging.ibermusicas.org\/index.php\/wp-json\/wp\/v2\/tags?post=18444"}],"curies":[{"name":"wp","href":"https:\/\/api.w.org\/{rel}","templated":true}]}}