{"id":18446,"date":"2024-04-29T18:37:02","date_gmt":"2024-04-29T18:37:02","guid":{"rendered":"http:\/\/staging.ibermusicas.org\/?p=18446"},"modified":"2024-04-29T18:37:02","modified_gmt":"2024-04-29T18:37:02","slug":"el-musico-portugues-raia-e-la-musica-argentina-sandra-della-pena-se-encontraran-en-la-patagonia-argentina-y-en-buenos-aires","status":"publish","type":"post","link":"http:\/\/staging.ibermusicas.org\/index.php\/el-musico-portugues-raia-e-la-musica-argentina-sandra-della-pena-se-encontraran-en-la-patagonia-argentina-y-en-buenos-aires\/","title":{"rendered":"El m\u00fasico portugu\u00eas RAIA e la m\u00fasica argentina Sandra Della Pena se encontrar\u00e1n en la Patagonia Argentina y en Buenos Aires"},"content":{"rendered":"<p>El portugu\u00e9s Raia [Ant\u00f3nio Bexiga] y la argentina Sandra Della Pena se re\u00fanen en mayo de 2024 en Bariloche y Buenos Aires para una residencia art\u00edstica que propone una reflexi\u00f3n sobre la m\u00fasica de la identidad, las conexiones entre Europa y Am\u00e9rica Latina, Portugal y Argentina, varios conciertos y conciertos-conversaciones en escuelas y grabaciones.<\/p>\n<p>&nbsp;<\/p>\n<p>Hace m\u00e1s de una d\u00e9cada, Ant\u00f3nio Bexiga [RAIA] y Sandra della Penna se conocieron en Lisboa y ofrecieron juntos un concierto \u00edntimo en el centro de la capital portuguesa. El resultado de este encuentro fue un deseo mutuo de cruzar caminos y canciones de este sur global atento a sus ra\u00edces.<\/p>\n<p>&nbsp;<\/p>\n<p>Raia es el proyecto de s\u00edntesis del m\u00fasico alentejano Ant\u00f3nio Bexiga, que recorre los sonidos de la viola campani\u00e7a, en sus fronteras ac\u00fastica y el\u00e9ctrica, anal\u00f3gica y digital, tradicional y experimental, ensayada e instant\u00e1nea, a menudo en di\u00e1logo con otras formas de arte.<\/p>\n<p>&nbsp;<\/p>\n<p>Ant\u00f3nio Bexiga [T\u00f3-Z\u00e9 Bexiga] [\u00c9vora, 1976] es compositor, arreglista, m\u00fasico y productor alentejano. Ha publicado varios discos y ha trabajado en cine, teatro, danza, circo, teatro de marionetas y performance. Multiinstrumentista, toca la guitarra, el piano, la viola campani\u00e7a, el cavaquinho, la mandolina, percusiones convencionales e inventadas. Desde 2008 se dedica a la viola campani\u00e7a, aprendiendo repertorios tradicionales, componiendo nueva m\u00fasica o investigando nuevas t\u00e9cnicas y sonidos para el instrumento.<\/p>\n<p>&nbsp;<\/p>\n<p>Raia, el proyecto en solitario de Ant\u00f3nio Bexiga, utiliza la viola Campani\u00e7a, una de las guitarras portuguesas con cuerdas de metal, para expresar las ra\u00edces ib\u00e9ricas y la intersecci\u00f3n de identidades globales. Ant\u00f3nio es un practicante e investigador de los repertorios tradicionales y un compositor que busca su identidad en el futuro y en el legado que ha llegado hasta nosotros.<\/p>\n<p>Naci\u00f3 en \u00c9vora en 1976, pero vivi\u00f3 buena parte de su infancia y juventud en la regi\u00f3n del Alentejo, en Ferreira de Capelins, en el municipio de Alandroal.<\/p>\n<p>&nbsp;<\/p>\n<p>Sandra Della Penna es una cantante y compositora atenta a la m\u00fasica de identidad, que conoce sus ra\u00edces, es inventiva e imaginativa, con melod\u00edas dulces y complejas que afirman influencias intemporales. Cada uno en su lugar o juntos, buscan ese equilibrio entre tradici\u00f3n y contemporaneidad, dejando semillas para que crezcan m\u00e1s ra\u00edces.<\/p>\n<p>&nbsp;<\/p>\n<p>Raia es una frontera, un camino, un idioma y una forma verbal. Raia es pez. El pez guitarra es la raya.<\/p>\n<p>&nbsp;<\/p>\n<p>Este proyecto ha sido premiado por el Programa Iberm\u00fasicas en la convocatoria 2023 de \u00abAyudas al sector musical para la programaci\u00f3n iberoamericana\u00bb.<\/p>\n<p>&nbsp;<\/p>\n<p>&nbsp;<\/p>\n<ul>\n<li>10 de mayo: concierto comentado de RAIA y Sandra Della Pena. Sal\u00f3n de la Escuela Amuyen.<\/li>\n<li>11 de mayo: RAIA y Sandra Della Pena en San Mart\u00edn de los Andes<\/li>\n<li>12 de mayo: Concierto comentado Sala La Llave (Bariloche)<\/li>\n<li>14 de mayo: RAIA y Sandra Della Pena concierto comentado. Escuela Vida, Bariloche<\/li>\n<li>15 de mayo: Taller y concierto comentado de RAIA y Sandra Della Pena<\/li>\n<\/ul>\n<p>18 de mayo: Concierto en solitario de RAIA en la Sala Vinilo (Buenos Aires)<\/p>\n","protected":false},"excerpt":{"rendered":"<p>El portugu\u00e9s Raia [Ant\u00f3nio Bexiga] y la argentina Sandra Della Pena se re\u00fanen en mayo de 2024 en Bariloche y Buenos Aires para una residencia art\u00edstica que propone una reflexi\u00f3n sobre la m\u00fasica de la identidad, las conexiones entre Europa y Am\u00e9rica Latina, Portugal y Argentina, varios conciertos y conciertos-conversaciones en escuelas y grabaciones. &nbsp; [&hellip;]<\/p>\n","protected":false},"author":7,"featured_media":18447,"comment_status":"closed","ping_status":"closed","sticky":false,"template":"","format":"standard","meta":{"footnotes":""},"categories":[53],"tags":[],"class_list":["post-18446","post","type-post","status-publish","format-standard","has-post-thumbnail","hentry","category-noticias-generales"],"lang":"es","translations":{"es":18446,"pt":18449},"pll_sync_post":[],"post_mailing_queue_ids":[],"_links":{"self":[{"href":"http:\/\/staging.ibermusicas.org\/index.php\/wp-json\/wp\/v2\/posts\/18446","targetHints":{"allow":["GET"]}}],"collection":[{"href":"http:\/\/staging.ibermusicas.org\/index.php\/wp-json\/wp\/v2\/posts"}],"about":[{"href":"http:\/\/staging.ibermusicas.org\/index.php\/wp-json\/wp\/v2\/types\/post"}],"author":[{"embeddable":true,"href":"http:\/\/staging.ibermusicas.org\/index.php\/wp-json\/wp\/v2\/users\/7"}],"replies":[{"embeddable":true,"href":"http:\/\/staging.ibermusicas.org\/index.php\/wp-json\/wp\/v2\/comments?post=18446"}],"version-history":[{"count":1,"href":"http:\/\/staging.ibermusicas.org\/index.php\/wp-json\/wp\/v2\/posts\/18446\/revisions"}],"predecessor-version":[{"id":18448,"href":"http:\/\/staging.ibermusicas.org\/index.php\/wp-json\/wp\/v2\/posts\/18446\/revisions\/18448"}],"wp:featuredmedia":[{"embeddable":true,"href":"http:\/\/staging.ibermusicas.org\/index.php\/wp-json\/wp\/v2\/media\/18447"}],"wp:attachment":[{"href":"http:\/\/staging.ibermusicas.org\/index.php\/wp-json\/wp\/v2\/media?parent=18446"}],"wp:term":[{"taxonomy":"category","embeddable":true,"href":"http:\/\/staging.ibermusicas.org\/index.php\/wp-json\/wp\/v2\/categories?post=18446"},{"taxonomy":"post_tag","embeddable":true,"href":"http:\/\/staging.ibermusicas.org\/index.php\/wp-json\/wp\/v2\/tags?post=18446"}],"curies":[{"name":"wp","href":"https:\/\/api.w.org\/{rel}","templated":true}]}}