{"id":18449,"date":"2024-04-29T18:38:20","date_gmt":"2024-04-29T18:38:20","guid":{"rendered":"http:\/\/staging.ibermusicas.org\/?p=18449"},"modified":"2024-06-03T16:59:35","modified_gmt":"2024-06-03T16:59:35","slug":"o-musico-portugues-raia-e-a-musicista-argentina-sandra-della-pena-vao-encontrar-se-na-patagonia-argentina-e-em-buenos-aires","status":"publish","type":"post","link":"http:\/\/staging.ibermusicas.org\/index.php\/o-musico-portugues-raia-e-a-musicista-argentina-sandra-della-pena-vao-encontrar-se-na-patagonia-argentina-e-em-buenos-aires\/","title":{"rendered":"O m\u00fasico portugu\u00eas RAIA e a musicista argentina Sandra Della Pena v\u00e3o encontrar-se na Patagonia Argentina e em Buenos Aires"},"content":{"rendered":"<p>O portugu\u00eas Raia [Ant\u00f3nio Bexiga] e a argentina Sandra Della Pena, re\u00fanem-se em maio de 2024 em Bariloche e Buenos Aires para uma resid\u00eancia art\u00edstica que prop\u00f5e uma reflex\u00e3o sobre as m\u00fasicas de identidade, as conex\u00f5es entre a Europa e a Am\u00e9rica Latina, Portugal e Argentina, v\u00e1rios concertos e concertos-conversa em escolas e grava\u00e7\u00f5es.<\/p>\n<p>&nbsp;<\/p>\n<p>H\u00e1 mais de uma d\u00e9cada, Ant\u00f3nio Bexiga [RAIA] e Sandra della Penna conheceram-se em Lisboa e tocaram juntos num concerto intimista no centro da capital portuguesa. Desse encontro, resultou a vontade m\u00fatua de cruzar caminhos e m\u00fasicas deste sul global atento \u00e0s suas ra\u00edzes.<\/p>\n<p>&nbsp;<\/p>\n<p>Raia \u00e9 o projeto-s\u00edntese do m\u00fasico alentejano Ant\u00f3nio Bexiga, que percorre as sonoridades da viola campani\u00e7a, nas suas fronteiras ac\u00fastica e el\u00e9trica, anal\u00f3gica e digital, tradicional e experimental, ensaiada e instant\u00e2nea, frequentemente em di\u00e1logo com outras formas de arte.<\/p>\n<p>&nbsp;<\/p>\n<p>Ant\u00f3nio Bexiga [T\u00f3-Z\u00e9 Bexiga] [\u00c9vora, 1976] \u00e9 compositor, arranjador, m\u00fasico e produtor alentejano. Tem v\u00e1rios discos editados e trabalhos em cinema, teatro, dan\u00e7a, circo, teatro de marionetas e performance. Multi-instrumentista, toca guitarra, piano, viola campani\u00e7a, cavaquinho, bandolim, percuss\u00f5es convencionais e inventadas. Desde 2008 que se dedica \u00e0 viola campani\u00e7a, quer na aprendizagem de repert\u00f3rios tradicionais, quer na composi\u00e7\u00e3o de nova m\u00fasica ou investiga\u00e7\u00e3o de novas t\u00e9cnicas e sonoridades para o instrumento.<\/p>\n<p>&nbsp;<\/p>\n<p>Raia, projeto solo de Ant\u00f3nio Bexiga, usa a viola Campani\u00e7a, uma das violas de arame portuguesas, para expressar as ra\u00edzes ib\u00e9ricas, de cruzamentos de identidades globais. Ant\u00f3nio \u00e9 praticante e investigador de repert\u00f3rios tradicionais e um compositor que procura a sua identidade no futuro e no legado que nos chegou.<\/p>\n<p>&nbsp;<\/p>\n<p>Nasceu em \u00c9vora em 1976 mas viveu uma boa parte da inf\u00e2ncia e juventude na raia alentejana, em Ferreira de Capelins, concelho de Alandroal.<\/p>\n<p>&nbsp;<\/p>\n<p>Sandra Della Penna \u00e9 uma cantora e compositora atenta \u00e0 m\u00fasica da identidade, conhecedora das ra\u00edzes, inventiva e imaginativa, com melodias doces e complexas que afirmam influ\u00eancias intemporais. Cada um no seu lugar ou em conjunto, procuram esse equil\u00edbrio entre tradi\u00e7\u00e3o e contemporaneidade, deixando sementes para que mais ra\u00edzes possam\u00a0 crescer.<\/p>\n<p>&nbsp;<\/p>\n<p>RAIA \u00e9 linha-fronteira, linha-caminho, express\u00e3o idiom\u00e1tica e forma verbal. Raia \u00e9 peixe. O peixe-viola \u00e9 uma raia.<\/p>\n<p>&nbsp;<\/p>\n<p>O presente projeto foi premiado pelo Programa Iberm\u00fasicas nas \u201cAjudas ao sector musical para a programa\u00e7\u00e3o ibero-americana\u201d, edital 2023<\/p>\n<p>&nbsp;<\/p>\n<p>&nbsp;<\/p>\n<ul>\n<li>10 de maio: Concerto comentado RAIA y Sandra Della Pena. Sala do Col\u00e9gio Amuyen.<\/li>\n<li>11 de maio: RAIA y Sandra DellaPena em San Mart\u00edn de los Andes<\/li>\n<li>12 de maio: Concerto em Sala La Llave (Bariloche)<\/li>\n<li>14 de maio: Concerto comentado RAIA y Sandra Della Pena em Escuela Vida, Bariloche<\/li>\n<li>15 de maio: Oficina e concerto comentado de RAIA y Sandra Della Pena<\/li>\n<li>18 de maio Concerto de RAIA, solo, na Sala Vinilo (Buenos Aires)<\/li>\n<\/ul>\n","protected":false},"excerpt":{"rendered":"<p>O portugu\u00eas Raia [Ant\u00f3nio Bexiga] e a argentina Sandra Della Pena, re\u00fanem-se em maio de 2024 em Bariloche e Buenos Aires para uma resid\u00eancia art\u00edstica que prop\u00f5e uma reflex\u00e3o sobre as m\u00fasicas de identidade, as conex\u00f5es entre a Europa e a Am\u00e9rica Latina, Portugal e Argentina, v\u00e1rios concertos e concertos-conversa em escolas e grava\u00e7\u00f5es. &nbsp; [&hellip;]<\/p>\n","protected":false},"author":7,"featured_media":18447,"comment_status":"closed","ping_status":"closed","sticky":false,"template":"","format":"standard","meta":{"footnotes":""},"categories":[218],"tags":[],"class_list":["post-18449","post","type-post","status-publish","format-standard","has-post-thumbnail","hentry","category-noticias-generales-pt"],"lang":"pt","translations":{"pt":18449,"es":18446},"pll_sync_post":[],"post_mailing_queue_ids":[],"_links":{"self":[{"href":"http:\/\/staging.ibermusicas.org\/index.php\/wp-json\/wp\/v2\/posts\/18449","targetHints":{"allow":["GET"]}}],"collection":[{"href":"http:\/\/staging.ibermusicas.org\/index.php\/wp-json\/wp\/v2\/posts"}],"about":[{"href":"http:\/\/staging.ibermusicas.org\/index.php\/wp-json\/wp\/v2\/types\/post"}],"author":[{"embeddable":true,"href":"http:\/\/staging.ibermusicas.org\/index.php\/wp-json\/wp\/v2\/users\/7"}],"replies":[{"embeddable":true,"href":"http:\/\/staging.ibermusicas.org\/index.php\/wp-json\/wp\/v2\/comments?post=18449"}],"version-history":[{"count":1,"href":"http:\/\/staging.ibermusicas.org\/index.php\/wp-json\/wp\/v2\/posts\/18449\/revisions"}],"predecessor-version":[{"id":18450,"href":"http:\/\/staging.ibermusicas.org\/index.php\/wp-json\/wp\/v2\/posts\/18449\/revisions\/18450"}],"wp:featuredmedia":[{"embeddable":true,"href":"http:\/\/staging.ibermusicas.org\/index.php\/wp-json\/wp\/v2\/media\/18447"}],"wp:attachment":[{"href":"http:\/\/staging.ibermusicas.org\/index.php\/wp-json\/wp\/v2\/media?parent=18449"}],"wp:term":[{"taxonomy":"category","embeddable":true,"href":"http:\/\/staging.ibermusicas.org\/index.php\/wp-json\/wp\/v2\/categories?post=18449"},{"taxonomy":"post_tag","embeddable":true,"href":"http:\/\/staging.ibermusicas.org\/index.php\/wp-json\/wp\/v2\/tags?post=18449"}],"curies":[{"name":"wp","href":"https:\/\/api.w.org\/{rel}","templated":true}]}}