{"id":18451,"date":"2024-04-29T18:39:36","date_gmt":"2024-04-29T18:39:36","guid":{"rendered":"http:\/\/staging.ibermusicas.org\/?p=18451"},"modified":"2024-04-29T18:39:36","modified_gmt":"2024-04-29T18:39:36","slug":"el-musico-chileno-adolfo-jorquera-traipi-inicia-sus-estudios-de-arpa-andina-con-el-maestro-yins-ever-coronado-capcha","status":"publish","type":"post","link":"http:\/\/staging.ibermusicas.org\/index.php\/el-musico-chileno-adolfo-jorquera-traipi-inicia-sus-estudios-de-arpa-andina-con-el-maestro-yins-ever-coronado-capcha\/","title":{"rendered":"El m\u00fasico chileno Adolfo Jorquera Traipi inicia sus estudios de Arpa Andina con el maestro Yins Ever Coronado Capcha"},"content":{"rendered":"<p>Adolfo Jorquera (Abuelo Kirkiri) es un bajista, autor y compositor de m\u00fasica popular del territorio andino aplicada al bajo el\u00e9ctrico solista. Su m\u00fasica intenta plasmar el imaginario de las fiestas y costumbres del altiplano andino, integrando la lengua aymara desde una perspectiva urbana. Ganador del primer lugar en el g\u00e9nero folcl\u00f3rico del XVI concurso de composici\u00f3n musical Luis Advis del a\u00f1o 2020, y del concurso Margot Loyola edici\u00f3n 2023 organizado por SCD. Alumno de la eminencia de la guitarra andina, Don Manuelcha Prado, y estudiante de lengua Aymara con los profesores Rub\u00e9n Maquera y Genara Flores.<\/p>\n<p>&nbsp;<\/p>\n<p>El m\u00fasico y estudiante iniciar\u00e1 en el mes de mayo una pasant\u00eda de estudios en la ciudad de Lima, Per\u00fa. As\u00ed fue como luego de postular al curso de especializaci\u00f3n en Arpa andina, el Centro Cultural Manuelcha Prado (Lima, Per\u00fa) ha aceptado su postulaci\u00f3n y ha extendido una invitaci\u00f3n formal para que el presente compositor ejerza una pasant\u00eda de estudios con el maestro Yins Ever Coronado Capcha por un per\u00edodo de tres meses (mayo, junio y julio) durante el presente a\u00f1o.<\/p>\n<p>&nbsp;<\/p>\n<p>El proyecto de Adolfo Jorquera Traipi ha sido premiado por Iberm\u00fasicas mediante sus Ayudas al Sector Musical para la Circulaci\u00f3n Internacional.<\/p>\n<p>&nbsp;<\/p>\n<p>&nbsp;<\/p>\n<ul>\n<li>Centro Cultural Manuelcha Prado, Lima, Per\u00fa<\/li>\n<\/ul>\n<p>&nbsp;<\/p>\n","protected":false},"excerpt":{"rendered":"<p>Adolfo Jorquera (Abuelo Kirkiri) es un bajista, autor y compositor de m\u00fasica popular del territorio andino aplicada al bajo el\u00e9ctrico solista. Su m\u00fasica intenta plasmar el imaginario de las fiestas y costumbres del altiplano andino, integrando la lengua aymara desde una perspectiva urbana. Ganador del primer lugar en el g\u00e9nero folcl\u00f3rico del XVI concurso de [&hellip;]<\/p>\n","protected":false},"author":7,"featured_media":18452,"comment_status":"closed","ping_status":"closed","sticky":false,"template":"","format":"standard","meta":{"footnotes":""},"categories":[53],"tags":[],"class_list":["post-18451","post","type-post","status-publish","format-standard","has-post-thumbnail","hentry","category-noticias-generales"],"lang":"es","translations":{"es":18451,"pt":18454},"pll_sync_post":[],"post_mailing_queue_ids":[],"_links":{"self":[{"href":"http:\/\/staging.ibermusicas.org\/index.php\/wp-json\/wp\/v2\/posts\/18451","targetHints":{"allow":["GET"]}}],"collection":[{"href":"http:\/\/staging.ibermusicas.org\/index.php\/wp-json\/wp\/v2\/posts"}],"about":[{"href":"http:\/\/staging.ibermusicas.org\/index.php\/wp-json\/wp\/v2\/types\/post"}],"author":[{"embeddable":true,"href":"http:\/\/staging.ibermusicas.org\/index.php\/wp-json\/wp\/v2\/users\/7"}],"replies":[{"embeddable":true,"href":"http:\/\/staging.ibermusicas.org\/index.php\/wp-json\/wp\/v2\/comments?post=18451"}],"version-history":[{"count":1,"href":"http:\/\/staging.ibermusicas.org\/index.php\/wp-json\/wp\/v2\/posts\/18451\/revisions"}],"predecessor-version":[{"id":18453,"href":"http:\/\/staging.ibermusicas.org\/index.php\/wp-json\/wp\/v2\/posts\/18451\/revisions\/18453"}],"wp:featuredmedia":[{"embeddable":true,"href":"http:\/\/staging.ibermusicas.org\/index.php\/wp-json\/wp\/v2\/media\/18452"}],"wp:attachment":[{"href":"http:\/\/staging.ibermusicas.org\/index.php\/wp-json\/wp\/v2\/media?parent=18451"}],"wp:term":[{"taxonomy":"category","embeddable":true,"href":"http:\/\/staging.ibermusicas.org\/index.php\/wp-json\/wp\/v2\/categories?post=18451"},{"taxonomy":"post_tag","embeddable":true,"href":"http:\/\/staging.ibermusicas.org\/index.php\/wp-json\/wp\/v2\/tags?post=18451"}],"curies":[{"name":"wp","href":"https:\/\/api.w.org\/{rel}","templated":true}]}}