{"id":18454,"date":"2024-04-29T18:40:48","date_gmt":"2024-04-29T18:40:48","guid":{"rendered":"http:\/\/staging.ibermusicas.org\/?p=18454"},"modified":"2024-04-29T18:40:48","modified_gmt":"2024-04-29T18:40:48","slug":"o-musico-chileno-adolfo-jorquera-traipi-inicia-seus-estudos-de-harpa-andina-com-o-maestro-yins-ever-coronado-capcha","status":"publish","type":"post","link":"http:\/\/staging.ibermusicas.org\/index.php\/o-musico-chileno-adolfo-jorquera-traipi-inicia-seus-estudos-de-harpa-andina-com-o-maestro-yins-ever-coronado-capcha\/","title":{"rendered":"O m\u00fasico chileno Adolfo Jorquera Traipi inicia seus estudos de harpa andina com o maestro Yins Ever Coronado Capcha"},"content":{"rendered":"<p>Adolfo Jorquera (Abuelo Kirkiri) \u00e9 um contrabaixista, autor e compositor de m\u00fasica popular do territ\u00f3rio andino aplicada ao baixo el\u00e9trico solo. A sua m\u00fasica tenta captar o imagin\u00e1rio das festas e costumes do altiplano andino, integrando a l\u00edngua aymara numa perspetiva urbana. Vencedor do primeiro lugar no g\u00e9nero folcl\u00f3rico do XVI concurso de composi\u00e7\u00e3o musical Luis Advis em 2020, e do concurso Margot Loyola edi\u00e7\u00e3o 2023 organizado pela SCD. Aluno da emin\u00eancia da guitarra andina, Don Manuelcha Prado, e estudante de l\u00edngua aimar\u00e1 com os professores Rub\u00e9n Maquera e Genara Flores.<\/p>\n<p>&nbsp;<\/p>\n<p>Em maio, o m\u00fasico e estudante iniciar\u00e1 um est\u00e1gio na cidade de Lima, no Peru. Depois de se candidatar ao curso de especializa\u00e7\u00e3o em harpa andina, o Centro Cultural Manuelcha Prado (Lima, Peru) aceitou a sua candidatura e fez um convite formal para que o presente compositor fa\u00e7a um est\u00e1gio com o maestro Yins Ever Coronado Capcha por um per\u00edodo de tr\u00eas meses (maio, junho e julho) durante o corrente ano.<\/p>\n<p>&nbsp;<\/p>\n<p>O projeto de Adolfo Jorquera Traipi foi premiado por Iberm\u00fasicas atrav\u00e9s do programa Ajudas ao Setor Musical para a Circula\u00e7\u00e3o Internacional.<\/p>\n<p>&nbsp;<\/p>\n<p>&nbsp;<\/p>\n<ul>\n<li>Centro Cultural Manuelcha Prado, Lima, Peru<\/li>\n<\/ul>\n","protected":false},"excerpt":{"rendered":"<p>Adolfo Jorquera (Abuelo Kirkiri) \u00e9 um contrabaixista, autor e compositor de m\u00fasica popular do territ\u00f3rio andino aplicada ao baixo el\u00e9trico solo. A sua m\u00fasica tenta captar o imagin\u00e1rio das festas e costumes do altiplano andino, integrando a l\u00edngua aymara numa perspetiva urbana. Vencedor do primeiro lugar no g\u00e9nero folcl\u00f3rico do XVI concurso de composi\u00e7\u00e3o musical [&hellip;]<\/p>\n","protected":false},"author":7,"featured_media":18452,"comment_status":"closed","ping_status":"closed","sticky":false,"template":"","format":"standard","meta":{"footnotes":""},"categories":[218],"tags":[],"class_list":["post-18454","post","type-post","status-publish","format-standard","has-post-thumbnail","hentry","category-noticias-generales-pt"],"lang":"pt","translations":{"pt":18454,"es":18451},"pll_sync_post":[],"post_mailing_queue_ids":[],"_links":{"self":[{"href":"http:\/\/staging.ibermusicas.org\/index.php\/wp-json\/wp\/v2\/posts\/18454","targetHints":{"allow":["GET"]}}],"collection":[{"href":"http:\/\/staging.ibermusicas.org\/index.php\/wp-json\/wp\/v2\/posts"}],"about":[{"href":"http:\/\/staging.ibermusicas.org\/index.php\/wp-json\/wp\/v2\/types\/post"}],"author":[{"embeddable":true,"href":"http:\/\/staging.ibermusicas.org\/index.php\/wp-json\/wp\/v2\/users\/7"}],"replies":[{"embeddable":true,"href":"http:\/\/staging.ibermusicas.org\/index.php\/wp-json\/wp\/v2\/comments?post=18454"}],"version-history":[{"count":1,"href":"http:\/\/staging.ibermusicas.org\/index.php\/wp-json\/wp\/v2\/posts\/18454\/revisions"}],"predecessor-version":[{"id":18455,"href":"http:\/\/staging.ibermusicas.org\/index.php\/wp-json\/wp\/v2\/posts\/18454\/revisions\/18455"}],"wp:featuredmedia":[{"embeddable":true,"href":"http:\/\/staging.ibermusicas.org\/index.php\/wp-json\/wp\/v2\/media\/18452"}],"wp:attachment":[{"href":"http:\/\/staging.ibermusicas.org\/index.php\/wp-json\/wp\/v2\/media?parent=18454"}],"wp:term":[{"taxonomy":"category","embeddable":true,"href":"http:\/\/staging.ibermusicas.org\/index.php\/wp-json\/wp\/v2\/categories?post=18454"},{"taxonomy":"post_tag","embeddable":true,"href":"http:\/\/staging.ibermusicas.org\/index.php\/wp-json\/wp\/v2\/tags?post=18454"}],"curies":[{"name":"wp","href":"https:\/\/api.w.org\/{rel}","templated":true}]}}