{"id":18467,"date":"2024-05-13T18:58:23","date_gmt":"2024-05-13T18:58:23","guid":{"rendered":"http:\/\/staging.ibermusicas.org\/?p=18467"},"modified":"2024-06-03T16:51:19","modified_gmt":"2024-06-03T16:51:19","slug":"la-cantante-andrea-imaginario-lanza-su-nuevo-single-o-que-e-o-amor-cancion-ganadora-por-portugal-del-concurso-ibermusicas-de-creacion-de-cancion-2023","status":"publish","type":"post","link":"http:\/\/staging.ibermusicas.org\/index.php\/la-cantante-andrea-imaginario-lanza-su-nuevo-single-o-que-e-o-amor-cancion-ganadora-por-portugal-del-concurso-ibermusicas-de-creacion-de-cancion-2023\/","title":{"rendered":"La cantante Andrea Imaginario lanza su nuevo single \u00abO que \u00e9 o amor?\u00bb, canci\u00f3n ganadora por Portugal del Concurso Iberm\u00fasicas de Creaci\u00f3n de Canci\u00f3n 2023"},"content":{"rendered":"<p>La cantante Andrea Imaginario lanza en mayo, mes de la Lusofon\u00eda, su nuevo single \u00abO que \u00e9 o amor?\u00bb, canci\u00f3n con la que gan\u00f3 el IX Premio Iberm\u00fasicas de Creaci\u00f3n de Canci\u00f3n 2023, representando a Portugal. Con letra de Andrea Imaginario y m\u00fasica del compositor venezolano Gerardo Gerulewicz, trata de la naturaleza del amor, que en estos tiempos turbulentos e individualistas parece tan esquivo. Ha sido producida y arreglada por Miguel Chac\u00f3n, productor musical venezolano cuyo trabajo ya ha sido nominado a los premios Grammy Latinos.<\/p>\n<p>&nbsp;<\/p>\n<p>El concepto general del proyecto incluye elementos sonoros de la m\u00fasica latinoamericana y portuguesa. En este sentido, cuenta con la colaboraci\u00f3n musical de Jos\u00e9 Manuel Duarte, un excelente int\u00e9rprete de la guitarra portuguesa que aporta un toque de nostalgia. La portada ha sido ilustrada por la artista venezolana Natalia P\u00e9rez, que actualmente reside en Espa\u00f1a.<\/p>\n<p>&nbsp;<\/p>\n<p>Qu\u00e9 es el amor forma parte del proyecto art\u00edstico de Andrea Imaginario, basado en la interculturalidad luso-venezolana como valor y eje fundamental.<\/p>\n<p>&nbsp;<\/p>\n<p>Andrea Imaginario es una cantante vers\u00e1til de voz dulce, conocida por interpretar el fado y la m\u00fasica iberoamericana con un estilo propio, marcado por la interculturalidad de Portugal y Venezuela. Sus conciertos est\u00e1n envueltos en historias que llegan al alma del p\u00fablico. Tiene seis discos disponibles en plataformas digitales. Ganadora del Concurso Nacional de Canto de la Escuela de M\u00fasica Jos\u00e9 \u00c1ngel Lamas. Es egresada de la Escuela de M\u00fasica Lino Gallardo, licenciada en Letras y mag\u00edster en Literatura Comparada por la Universidad Central de Venezuela, donde es profesora asociada. Actualmente realiza una investigaci\u00f3n doctoral en la Universidad Aut\u00f3noma de Lisboa titulada Historia y representaci\u00f3n de la cultura portuguesa en Venezuela.<\/p>\n<p>&nbsp;<\/p>\n<p>Gerardo Gerulewicz es un compositor, pianista y director de orquesta venezolano de origen polaco. Se gradu\u00f3 \u00abcon honores\u00bb en el Conservatorio Tchaikovsky de Mosc\u00fa. Es autor de obras sinf\u00f3nicas, vocales, de c\u00e1mara, \u00f3pera y piano. Ha recibido el premio de la Fundaci\u00f3n Herrera Luque, el Herencia Cl\u00e1sica (Rusia), el Premio de la Orquesta Sinf\u00f3nica Municipal de Caracas, el Tercer Premio de la Orquesta Sinf\u00f3nica de Venezuela y el Premio Municipal de M\u00fasica en varias ocasiones, entre otras distinciones. Es Director del Departamento de M\u00fasica de la Escuela de Artes de la Universidad Central de Venezuela y Director de la Orquesta de la UCV. Tambi\u00e9n es Profesor de Composici\u00f3n en la Escuela Superior de M\u00fasica Jos\u00e9 Angel Lamas y en el Conservatorio Sim\u00f3n Bol\u00edvar de Caracas. Obtuvo el t\u00edtulo de Director de Orquesta bajo la direcci\u00f3n de los Maestros Alfredo Rugeles y Rodolfo Saglimbeni.<\/p>\n<p>&nbsp;<\/p>\n<p>&nbsp;<\/p>\n<p><iframe title=\"Spotify Embed: O Que \u00c9 o Amor?\" style=\"border-radius: 12px\" width=\"100%\" height=\"152\" frameborder=\"0\" allowfullscreen allow=\"autoplay; clipboard-write; encrypted-media; fullscreen; picture-in-picture\" loading=\"lazy\" src=\"https:\/\/open.spotify.com\/embed\/track\/3xKaxlc8FvI8tFhXDJLuwU?si=b3e1f272622e4d9b&#038;utm_source=oembed\"><\/iframe><\/p>\n","protected":false},"excerpt":{"rendered":"<p>La cantante Andrea Imaginario lanza en mayo, mes de la Lusofon\u00eda, su nuevo single \u00abO que \u00e9 o amor?\u00bb, canci\u00f3n con la que gan\u00f3 el IX Premio Iberm\u00fasicas de Creaci\u00f3n de Canci\u00f3n 2023, representando a Portugal. Con letra de Andrea Imaginario y m\u00fasica del compositor venezolano Gerardo Gerulewicz, trata de la naturaleza del amor, que [&hellip;]<\/p>\n","protected":false},"author":7,"featured_media":18468,"comment_status":"closed","ping_status":"closed","sticky":false,"template":"","format":"standard","meta":{"footnotes":""},"categories":[53],"tags":[],"class_list":["post-18467","post","type-post","status-publish","format-standard","has-post-thumbnail","hentry","category-noticias-generales"],"lang":"es","translations":{"es":18467,"pt":18470},"pll_sync_post":[],"post_mailing_queue_ids":[],"_links":{"self":[{"href":"http:\/\/staging.ibermusicas.org\/index.php\/wp-json\/wp\/v2\/posts\/18467","targetHints":{"allow":["GET"]}}],"collection":[{"href":"http:\/\/staging.ibermusicas.org\/index.php\/wp-json\/wp\/v2\/posts"}],"about":[{"href":"http:\/\/staging.ibermusicas.org\/index.php\/wp-json\/wp\/v2\/types\/post"}],"author":[{"embeddable":true,"href":"http:\/\/staging.ibermusicas.org\/index.php\/wp-json\/wp\/v2\/users\/7"}],"replies":[{"embeddable":true,"href":"http:\/\/staging.ibermusicas.org\/index.php\/wp-json\/wp\/v2\/comments?post=18467"}],"version-history":[{"count":1,"href":"http:\/\/staging.ibermusicas.org\/index.php\/wp-json\/wp\/v2\/posts\/18467\/revisions"}],"predecessor-version":[{"id":18469,"href":"http:\/\/staging.ibermusicas.org\/index.php\/wp-json\/wp\/v2\/posts\/18467\/revisions\/18469"}],"wp:featuredmedia":[{"embeddable":true,"href":"http:\/\/staging.ibermusicas.org\/index.php\/wp-json\/wp\/v2\/media\/18468"}],"wp:attachment":[{"href":"http:\/\/staging.ibermusicas.org\/index.php\/wp-json\/wp\/v2\/media?parent=18467"}],"wp:term":[{"taxonomy":"category","embeddable":true,"href":"http:\/\/staging.ibermusicas.org\/index.php\/wp-json\/wp\/v2\/categories?post=18467"},{"taxonomy":"post_tag","embeddable":true,"href":"http:\/\/staging.ibermusicas.org\/index.php\/wp-json\/wp\/v2\/tags?post=18467"}],"curies":[{"name":"wp","href":"https:\/\/api.w.org\/{rel}","templated":true}]}}