{"id":18480,"date":"2024-05-13T19:18:06","date_gmt":"2024-05-13T19:18:06","guid":{"rendered":"http:\/\/staging.ibermusicas.org\/?p=18480"},"modified":"2024-06-03T16:59:05","modified_gmt":"2024-06-03T16:59:05","slug":"el-colectivo-de-mujeres-indigenas-as-karuana-lleva-a-alemania-las-voces-de-tapajos-contra-el-cambio-climatico-2","status":"publish","type":"post","link":"http:\/\/staging.ibermusicas.org\/index.php\/el-colectivo-de-mujeres-indigenas-as-karuana-lleva-a-alemania-las-voces-de-tapajos-contra-el-cambio-climatico-2\/","title":{"rendered":"Coletivo de Mulheres Ind\u00edgenas As Karuana leva para a Alemanha as \u201cVozes do Tapaj\u00f3s contra as Mudan\u00e7as clim\u00e1ticas\u201d"},"content":{"rendered":"<p>As Karuana \u00e9 um coletivo de mulheres ind\u00edgenas formado por diferentes etnias da regi\u00e3o do Baixo Tapaj\u00f3s no Oeste do Par\u00e1, Borari, Tapaj\u00f3, Kumaruara e Tupinamb\u00e1. S\u00e3o mulheres que atuam em suas comunidades na preserva\u00e7\u00e3o da cultura e na prote\u00e7\u00e3o do meio ambiente em defesa de seus territ\u00f3rios.<\/p>\n<p>&nbsp;<\/p>\n<p>Karuana, na l\u00edngua ind\u00edgena Tupi significa encantados que na cosmologia ind\u00edgena s\u00e3o os protetores dos rios e das florestas, assim o nome faz alus\u00e3o as mulheres defensoras ind\u00edgenas. As Karuana cantam em defesa dos rios das florestas e os direitos origin\u00e1rios e tem a arte musical como instrumento de luta, resist\u00eancia, educa\u00e7\u00e3o ambiental, fortalecimento espiritual, empoderamento e autoestima da mulher.<\/p>\n<p>&nbsp;<\/p>\n<p>Desde de 2019, As Karuana levam a voz e representatividade das mulheres ind\u00edgenas da regi\u00e3o ocupando diferentes espa\u00e7os e p\u00fablicos. Realizam e participam de projetos socioculturais e ambientais.<\/p>\n<p>&nbsp;<\/p>\n<p>Em 2021, o coletivo gravou o primeiro \u00e1lbum \u201cVozes dos rios e florestas\u201c dispon\u00edvel nas principais plataformas digitais.<\/p>\n<p>&nbsp;<\/p>\n<p>Em 2022, receberam um pr\u00eamio internacional com o t\u00edtulo NATV Indigenous Artist Awards 2022, concorrido com artistas ind\u00edgenas de diferentes pa\u00edses das Am\u00e9ricas.<\/p>\n<p>&nbsp;<\/p>\n<p>\u201cVozes do Tapaj\u00f3s contra as Mudan\u00e7as clim\u00e1ticas\u201d \u00e9 um projeto que ser\u00e1 desenvolvido pelo coletivo de Mulheres Ind\u00edgenas as Karuana em Berlin na Alemanha em coaliz\u00e3o com o Festival Arte, Pol\u00edtica e Inclus\u00e3o organizado pela Associa\u00e7\u00e3o A Gente E.V, que visa fortalecer e ampliar a influ\u00eancia art\u00edstica dos povos ind\u00edgenas, quilombolas e comunidades tradicionais na cena art\u00edstico- cultural na Alemanha.<\/p>\n<p>&nbsp;<\/p>\n<p>As Karuana ganharam o concurso Iberm\u00fasicas 2023 para a modalidade de Ajudas para a Circula\u00e7\u00e3o Internacional.<\/p>\n<p>&nbsp;<\/p>\n<p>&nbsp;<\/p>\n<ul>\n<li>17 de maio as 13hs e 15min,h, Roda de conversa sobre os povos tradicionais e mudan\u00e7as clim\u00e1ticas, Espa\u00e7o Expor Iniciative Berlim, Alemanha<\/li>\n<\/ul>\n<p>&nbsp;<\/p>\n<ul>\n<li>17 de maio 15h, Oficina instrumental de tambor: significado, origem e conhecimentos b\u00e1sico musical para os povos origin\u00e1rios, Espa\u00e7o Expor Iniciative Berlim, Alemanha<\/li>\n<\/ul>\n<p>&nbsp;<\/p>\n<ul>\n<li>17 de maio 15h, Oficina instrumental de maracas: significado, origem e conhecimentos b\u00e1sicos musical para povos ind\u00edgenas, Espa\u00e7o Expor Iniciative Berlim, Alemanha<\/li>\n<\/ul>\n<p>&nbsp;<\/p>\n<ul>\n<li>17 de maio 20h, Show musical As Karuana, Espa\u00e7o Expor Iniciative Berlim, Alemanha<\/li>\n<\/ul>\n<p>&nbsp;<\/p>\n<p>Endere\u00e7o: EXPOR INICIATIVE, Hermannstra\u00dfe 86, 12051, Berlin<\/p>\n","protected":false},"excerpt":{"rendered":"<p>As Karuana \u00e9 um coletivo de mulheres ind\u00edgenas formado por diferentes etnias da regi\u00e3o do Baixo Tapaj\u00f3s no Oeste do Par\u00e1, Borari, Tapaj\u00f3, Kumaruara e Tupinamb\u00e1. S\u00e3o mulheres que atuam em suas comunidades na preserva\u00e7\u00e3o da cultura e na prote\u00e7\u00e3o do meio ambiente em defesa de seus territ\u00f3rios. &nbsp; Karuana, na l\u00edngua ind\u00edgena Tupi significa [&hellip;]<\/p>\n","protected":false},"author":7,"featured_media":18478,"comment_status":"closed","ping_status":"closed","sticky":false,"template":"","format":"standard","meta":{"footnotes":""},"categories":[218],"tags":[],"class_list":["post-18480","post","type-post","status-publish","format-standard","has-post-thumbnail","hentry","category-noticias-generales-pt"],"lang":"pt","translations":{"pt":18480,"es":18477},"pll_sync_post":[],"post_mailing_queue_ids":[],"_links":{"self":[{"href":"http:\/\/staging.ibermusicas.org\/index.php\/wp-json\/wp\/v2\/posts\/18480","targetHints":{"allow":["GET"]}}],"collection":[{"href":"http:\/\/staging.ibermusicas.org\/index.php\/wp-json\/wp\/v2\/posts"}],"about":[{"href":"http:\/\/staging.ibermusicas.org\/index.php\/wp-json\/wp\/v2\/types\/post"}],"author":[{"embeddable":true,"href":"http:\/\/staging.ibermusicas.org\/index.php\/wp-json\/wp\/v2\/users\/7"}],"replies":[{"embeddable":true,"href":"http:\/\/staging.ibermusicas.org\/index.php\/wp-json\/wp\/v2\/comments?post=18480"}],"version-history":[{"count":2,"href":"http:\/\/staging.ibermusicas.org\/index.php\/wp-json\/wp\/v2\/posts\/18480\/revisions"}],"predecessor-version":[{"id":18482,"href":"http:\/\/staging.ibermusicas.org\/index.php\/wp-json\/wp\/v2\/posts\/18480\/revisions\/18482"}],"wp:featuredmedia":[{"embeddable":true,"href":"http:\/\/staging.ibermusicas.org\/index.php\/wp-json\/wp\/v2\/media\/18478"}],"wp:attachment":[{"href":"http:\/\/staging.ibermusicas.org\/index.php\/wp-json\/wp\/v2\/media?parent=18480"}],"wp:term":[{"taxonomy":"category","embeddable":true,"href":"http:\/\/staging.ibermusicas.org\/index.php\/wp-json\/wp\/v2\/categories?post=18480"},{"taxonomy":"post_tag","embeddable":true,"href":"http:\/\/staging.ibermusicas.org\/index.php\/wp-json\/wp\/v2\/tags?post=18480"}],"curies":[{"name":"wp","href":"https:\/\/api.w.org\/{rel}","templated":true}]}}