{"id":18486,"date":"2024-05-13T19:38:07","date_gmt":"2024-05-13T19:38:07","guid":{"rendered":"http:\/\/staging.ibermusicas.org\/?p=18486"},"modified":"2024-06-03T16:58:57","modified_gmt":"2024-06-03T16:58:57","slug":"o-grande-mestre-brasileiro-filo-machado-fara-uma-digressao-inedita-por-portugal","status":"publish","type":"post","link":"http:\/\/staging.ibermusicas.org\/index.php\/o-grande-mestre-brasileiro-filo-machado-fara-uma-digressao-inedita-por-portugal\/","title":{"rendered":"O grande mestre brasileiro Fil\u00f3 Machado far\u00e1 uma digress\u00e3o in\u00e9dita por Portugal"},"content":{"rendered":"<p>O concerto Fil\u00f3 Machado, 60 Anos de M\u00fasica, vai circular pelo Alentejo, Algarve e Regi\u00e3o Metropolitana de Lisboa.<\/p>\n<p>&nbsp;<\/p>\n<p>No palco, Fil\u00f3 Machado (voz e viol\u00e3o) se apresenta acompanhado por Felipe Machado (viol\u00e3o e voz) e Lisandro Massa (piano\/teclados), uma das apresenta\u00e7\u00f5es tem participa\u00e7\u00e3o especial de m\u00fasicos que integram forma\u00e7\u00f5es de jazz da Sociedade Capricho Setubalense, em Set\u00fabal, executando m\u00fasicas de Fil\u00f3 Machado especialmente selecionadas para a ocasi\u00e3o. A digress\u00e3o ainda contempla a realiza\u00e7\u00e3o de duas masterclass.<\/p>\n<p>&nbsp;<\/p>\n<p>Fil\u00f3 Machado, 73 anos, \u00e9 reconhecido n\u00e3o s\u00f3 pelo virtuosismo como multi-instrumentista ou pela originalidade e criatividade nas composi\u00e7\u00f5es; sua interpreta\u00e7\u00e3o encanta pelo timbre personal\u00edssimo e pela for\u00e7a de seu canto. O roteiro ilustra sua rica e longa trajet\u00f3ria de parcerias em paralelo \u00e0 sua busca pela originalidade: acordes inspirados com uma liberdade despretensiosa, usando as linhas mel\u00f3dicas como elementos de liga\u00e7\u00e3o entre as perspectivas e as influ\u00eancias recebidas. Fil\u00f3 Machado 60 Anos de M\u00fasica \u00e9 uma viagem que promete emocionar o p\u00fablico pelos acordes, pelas melodias e pelas can\u00e7\u00f5es.<\/p>\n<p>&nbsp;<\/p>\n<p>Fil\u00f3 Machado, que come\u00e7ou a tocar aos 10 anos, \u00e9 cantor, compositor, multi-instrumentista, arranjador e produtor. Com mais de 60 anos de carreira, 14 discos gravados, um Pr\u00eamio Profissionais da M\u00fasica \u2013 Categoria Autor e uma indica\u00e7\u00e3o ao Grammy Latin Jazz, \u00e9 considerado um \u00abmestre da m\u00fasica\u00bb. Entre discos e palcos, realizou trabalhos com nomes como: Michel Legrand, Jon Hendricks, Dory Caymmi, Gal Costa, Jo\u00e3o Donato, Raul de Souza, Arismar do Esp\u00edrito Santo, Leny Andrade, Os Cariocas, Tetsuo Sakurai, Hermeto Pascoal, Andreas Oberg, John Patitucci, Djavan, Jorge Vercillo, Rosa Passos, SWR Big Band Stuttgard e Warvey Waynapel, entre outros.<\/p>\n<p>&nbsp;<\/p>\n<p>Esta digress\u00e3o portuguesa de Fil\u00f3 Machado \u00e9 apoiada pelo Iberm\u00fasicas atrav\u00e9s das Ajudas ao Sector Musical para a Circula\u00e7\u00e3o, convocat\u00f3ria 2023.<\/p>\n<p>&nbsp;<\/p>\n<p>&nbsp;<\/p>\n<ul>\n<li>17 de maio, 23h: Concerto em ONFITA, mostra musical paralela ao FITA, Festival Internacional de Teatro do Alentejo na Galeria do Desassossego, Rua da Casa Pia, 26 Beja, Alentejo, Portugal<\/li>\n<li>18 de maio, 22h: Concerto em ARCM Associa\u00e7\u00e3o Recreativa e Cultural de M\u00fasicos, Rua do Castelo 2\/4, Faro, Portugal<\/li>\n<li>19 de maio, 16h, Masterclass em ARCM Associa\u00e7\u00e3o Recreativa e Cultural de M\u00fasicos Rua do Castelo 2\/4, Faro, Portugal<\/li>\n<li>25 de maio, 16h: Sociedade Musical Capricho Setubalense Rua da Sociedade Musical Capricho Setubalense , Set\u00fabal, Portugal<\/li>\n<li>25 de maio, 22h: Participa\u00e7\u00e3o especial na Sociedade Musical Capricho Setubalense, com contrabaixo e seus naipes de Metais e Percuss\u00e3o na Sociedade Musical Capricho Setubalense, Rua da Sociedade Musical Capricho Setubalense, Set\u00fabal, Portugal<\/li>\n<li>31 de maio, 21h: Concerto em Cascais Jazz Club, Largo Cidade de Vitoria, 36 Cascais, Portugal<\/li>\n<li>2 de junho, 20h, Local 1399 Live \u2022 Art \u2022 Room, Rua do Vale de Santo Ant\u00f3nio, 48c, Lisboa, Portugal<\/li>\n<\/ul>\n","protected":false},"excerpt":{"rendered":"<p>O concerto Fil\u00f3 Machado, 60 Anos de M\u00fasica, vai circular pelo Alentejo, Algarve e Regi\u00e3o Metropolitana de Lisboa. &nbsp; No palco, Fil\u00f3 Machado (voz e viol\u00e3o) se apresenta acompanhado por Felipe Machado (viol\u00e3o e voz) e Lisandro Massa (piano\/teclados), uma das apresenta\u00e7\u00f5es tem participa\u00e7\u00e3o especial de m\u00fasicos que integram forma\u00e7\u00f5es de jazz da Sociedade Capricho [&hellip;]<\/p>\n","protected":false},"author":7,"featured_media":18484,"comment_status":"closed","ping_status":"closed","sticky":false,"template":"","format":"standard","meta":{"footnotes":""},"categories":[218],"tags":[],"class_list":["post-18486","post","type-post","status-publish","format-standard","has-post-thumbnail","hentry","category-noticias-generales-pt"],"lang":"pt","translations":{"pt":18486,"es":18483},"pll_sync_post":[],"post_mailing_queue_ids":[],"_links":{"self":[{"href":"http:\/\/staging.ibermusicas.org\/index.php\/wp-json\/wp\/v2\/posts\/18486","targetHints":{"allow":["GET"]}}],"collection":[{"href":"http:\/\/staging.ibermusicas.org\/index.php\/wp-json\/wp\/v2\/posts"}],"about":[{"href":"http:\/\/staging.ibermusicas.org\/index.php\/wp-json\/wp\/v2\/types\/post"}],"author":[{"embeddable":true,"href":"http:\/\/staging.ibermusicas.org\/index.php\/wp-json\/wp\/v2\/users\/7"}],"replies":[{"embeddable":true,"href":"http:\/\/staging.ibermusicas.org\/index.php\/wp-json\/wp\/v2\/comments?post=18486"}],"version-history":[{"count":1,"href":"http:\/\/staging.ibermusicas.org\/index.php\/wp-json\/wp\/v2\/posts\/18486\/revisions"}],"predecessor-version":[{"id":18487,"href":"http:\/\/staging.ibermusicas.org\/index.php\/wp-json\/wp\/v2\/posts\/18486\/revisions\/18487"}],"wp:featuredmedia":[{"embeddable":true,"href":"http:\/\/staging.ibermusicas.org\/index.php\/wp-json\/wp\/v2\/media\/18484"}],"wp:attachment":[{"href":"http:\/\/staging.ibermusicas.org\/index.php\/wp-json\/wp\/v2\/media?parent=18486"}],"wp:term":[{"taxonomy":"category","embeddable":true,"href":"http:\/\/staging.ibermusicas.org\/index.php\/wp-json\/wp\/v2\/categories?post=18486"},{"taxonomy":"post_tag","embeddable":true,"href":"http:\/\/staging.ibermusicas.org\/index.php\/wp-json\/wp\/v2\/tags?post=18486"}],"curies":[{"name":"wp","href":"https:\/\/api.w.org\/{rel}","templated":true}]}}