{"id":18488,"date":"2024-05-13T19:39:22","date_gmt":"2024-05-13T19:39:22","guid":{"rendered":"http:\/\/staging.ibermusicas.org\/?p=18488"},"modified":"2024-06-03T16:50:40","modified_gmt":"2024-06-03T16:50:40","slug":"llegan-a-barcelona-los-talleres-de-musica-del-metodo-o-passo","status":"publish","type":"post","link":"http:\/\/staging.ibermusicas.org\/index.php\/llegan-a-barcelona-los-talleres-de-musica-del-metodo-o-passo\/","title":{"rendered":"Llegan a barcelona los talleres de m\u00fasica del m\u00e9todo O Passo"},"content":{"rendered":"<p>El docente y guitarrista brasile\u00f1o Emiliano Castro brindar\u00e1 talleres del m\u00e9todo O Passo en Barcelona y a la vez realizar\u00e1 varios conciertos.<\/p>\n<p>Emiliano Castro es un m\u00fasico, profesor de m\u00fasica y antrop\u00f3logo brasile\u00f1o dedicado a la m\u00fasica brasile\u00f1a, el flamenco, la m\u00fasica latinoamericana y africana.<\/p>\n<p>En Espa\u00f1a colabor\u00f3 con m\u00fasicos como Jorge Pardo, Javier Colina, Jaume Vilaseca, Xavier Batll\u00e9s, Jabu Morales, Flavio Rodrigues, Irene Atienza, Ana Rossi, Quim Oll\u00e9, M\u00fb Mbana, Antonio Restucci, entre otros. Ha grabado por sellos como Harmonia Mundi, Subterfuge Records y Ventilador Music entre otros sellos.<\/p>\n<p>&nbsp;<\/p>\n<p>En Brasil ha trabajado con nombres como Em\u00edlio Santiago, Guinga, Yamand\u00fa Costa, Paulo Bellinati, Zizi Possi, Zeca Baleiro, Fagner, Fabiana Cozza, Nei Lopes, Crist\u00f3v\u00e3o Bastos, Marina de la Riva, Alessandro Penezzi, Andr\u00e9 Mehmari entre otros reconocidos internacionalmente.<\/p>\n<p>&nbsp;<\/p>\n<p>Vivi\u00f3 en Barcelona por cinco a\u00f1os hasta el 2005. All\u00ed estudi\u00f3 guitarra flamenca en el Conservatori Superior de M\u00fasica del Liceu y en la ciudad est\u00e1 reconocido como personaje importante en la presentaci\u00f3n y consolidaci\u00f3n del cultivo del choro, g\u00e9nero fundador de la m\u00fasica brasile\u00f1a.<\/p>\n<p>&nbsp;<\/p>\n<p>Ha trabajado en diferentes pa\u00edses de Europa, las tres Am\u00e9ricas y \u00c1frica. Colabor\u00f3 como guitarrista, compositor, arreglista o productor musical en m\u00e1s de 50 \u00e1lbumes. De su discograf\u00eda autoral destaca a \u20187 Caminos\u2019 (Selo Sesc, BR) y \u2018Kanimambo\u2019 (independiente) disponibles en todas las plataformas.<\/p>\n<p>&nbsp;<\/p>\n<p>Trabaja desde hace diecisiete a\u00f1os con el m\u00e9todo O Passo y, al lado de su autor Lucas Ciavatta, es formador de profesores del m\u00e9todo y director adjunto del Instituto d\u2019O Passo.<\/p>\n<p>&nbsp;<\/p>\n<p>Creado por el m\u00fasico y educador brasile\u00f1o Lucas Ciavatta en 1996 y basado en los principios de inclusi\u00f3n y autonom\u00eda, el m\u00e9todo de educaci\u00f3n musical O Passo entiende la creaci\u00f3n musical como un fen\u00f3meno inseparable del cuerpo, la imaginaci\u00f3n, el grupo y la cultura. O Passo surgi\u00f3 como respuesta a los modelos altamente selectivos de acceso a la pr\u00e1ctica musical y tiene como gran influencia la riqueza de la creaci\u00f3n musical popular brasile\u00f1a. La m\u00fasica como derecho. Con O Passo, todo el mundo puede hacer m\u00fasica con tranquilidad. El conocimiento y la interpretaci\u00f3n musical est\u00e1n al alcance de cualquiera.<\/p>\n<p>&nbsp;<\/p>\n<p>Esta propuesta ha sido ganadora de Iberm\u00fasicas en la l\u00ednea de acci\u00f3n de Ayudas al Sector Musical para la Circulaci\u00f3n convocatoria 2023.<\/p>\n<p>&nbsp;<\/p>\n<p>&nbsp;<\/p>\n<ul>\n<li>20, 21 y 23 de mayo: taller \u00abCuerpo, M\u00fasica y Movimiento\u00bb para ni\u00f1os de 8 a 10 a\u00f1os en Tr\u00e9molo, Escuela de M\u00fasica, Barcelona, Espa\u00f1a<\/li>\n<li>23 y 27 de mayo: taller para j\u00f3venes en formaci\u00f3n del proyecto CP en Proyecto Passwork, Fundaci\u00f3n Adsis, Barcelona, Espa\u00f1a<\/li>\n<li>18 de mayo de 10h a 14h: taller de m\u00fasica con el m\u00e9todo O Passo para el p\u00fablico en general en Tr\u00e9molo, Escuela de M\u00fasica, Barcelona, Espa\u00f1a<\/li>\n<\/ul>\n","protected":false},"excerpt":{"rendered":"<p>El docente y guitarrista brasile\u00f1o Emiliano Castro brindar\u00e1 talleres del m\u00e9todo O Passo en Barcelona y a la vez realizar\u00e1 varios conciertos. Emiliano Castro es un m\u00fasico, profesor de m\u00fasica y antrop\u00f3logo brasile\u00f1o dedicado a la m\u00fasica brasile\u00f1a, el flamenco, la m\u00fasica latinoamericana y africana. En Espa\u00f1a colabor\u00f3 con m\u00fasicos como Jorge Pardo, Javier Colina, [&hellip;]<\/p>\n","protected":false},"author":7,"featured_media":18489,"comment_status":"closed","ping_status":"closed","sticky":false,"template":"","format":"standard","meta":{"footnotes":""},"categories":[53],"tags":[],"class_list":["post-18488","post","type-post","status-publish","format-standard","has-post-thumbnail","hentry","category-noticias-generales"],"lang":"es","translations":{"es":18488,"pt":18491},"pll_sync_post":[],"post_mailing_queue_ids":[],"_links":{"self":[{"href":"http:\/\/staging.ibermusicas.org\/index.php\/wp-json\/wp\/v2\/posts\/18488","targetHints":{"allow":["GET"]}}],"collection":[{"href":"http:\/\/staging.ibermusicas.org\/index.php\/wp-json\/wp\/v2\/posts"}],"about":[{"href":"http:\/\/staging.ibermusicas.org\/index.php\/wp-json\/wp\/v2\/types\/post"}],"author":[{"embeddable":true,"href":"http:\/\/staging.ibermusicas.org\/index.php\/wp-json\/wp\/v2\/users\/7"}],"replies":[{"embeddable":true,"href":"http:\/\/staging.ibermusicas.org\/index.php\/wp-json\/wp\/v2\/comments?post=18488"}],"version-history":[{"count":1,"href":"http:\/\/staging.ibermusicas.org\/index.php\/wp-json\/wp\/v2\/posts\/18488\/revisions"}],"predecessor-version":[{"id":18490,"href":"http:\/\/staging.ibermusicas.org\/index.php\/wp-json\/wp\/v2\/posts\/18488\/revisions\/18490"}],"wp:featuredmedia":[{"embeddable":true,"href":"http:\/\/staging.ibermusicas.org\/index.php\/wp-json\/wp\/v2\/media\/18489"}],"wp:attachment":[{"href":"http:\/\/staging.ibermusicas.org\/index.php\/wp-json\/wp\/v2\/media?parent=18488"}],"wp:term":[{"taxonomy":"category","embeddable":true,"href":"http:\/\/staging.ibermusicas.org\/index.php\/wp-json\/wp\/v2\/categories?post=18488"},{"taxonomy":"post_tag","embeddable":true,"href":"http:\/\/staging.ibermusicas.org\/index.php\/wp-json\/wp\/v2\/tags?post=18488"}],"curies":[{"name":"wp","href":"https:\/\/api.w.org\/{rel}","templated":true}]}}