{"id":18493,"date":"2024-05-13T19:43:41","date_gmt":"2024-05-13T19:43:41","guid":{"rendered":"http:\/\/staging.ibermusicas.org\/?p=18493"},"modified":"2024-06-03T16:50:25","modified_gmt":"2024-06-03T16:50:25","slug":"llega-a-barcelona-una-nueva-edicion-de-primavera-pro","status":"publish","type":"post","link":"http:\/\/staging.ibermusicas.org\/index.php\/llega-a-barcelona-una-nueva-edicion-de-primavera-pro\/","title":{"rendered":"Llega a Barcelona una nueva edici\u00f3n de Primavera Pro"},"content":{"rendered":"<p>Desde 2010, Primavera Pro es un encuentro global para el mundo de la m\u00fasica que une a los profesionales y artistas que conforman el presente y el futuro de la industria. Celebrado en Barcelona como parte de Primavera Sound, el evento sirve como punto de reuni\u00f3n para conectar, compartir conocimiento y generar ideas. Conforma el marco ideal para erigirse como la plataforma m\u00e1s destacada para la internacionalizaci\u00f3n del talento.<\/p>\n<p>&nbsp;<\/p>\n<p>Esta edici\u00f3n contar\u00e1 con sesiones de networking, conferencias, mesas redondas, showcases y dos convocatorias abiertas de proyectos: Ideas Showroom y\u00a0 Can You Hear The Eco?<\/p>\n<p>&nbsp;<\/p>\n<p>Iberm\u00fasicas, mediante su l\u00ednea de Ayudas a la Programaci\u00f3n, apoya la presencia en el Primavera Pro de Ariel Chichotky (Argentina) de Dale Play Records Mar\u00eda Ram\u00edrez (Colombia) de Queen Street Talent y Bruno Duque (M\u00e9xico) de TuneCore<\/p>\n<p>&nbsp;<\/p>\n<p>&nbsp;<\/p>\n<ul>\n<li>27 de mayo al 2 de junio: Primavera en la Ciudad, Primavera Pro, Barcelona, Espa\u00f1a<\/li>\n<li>29 al 31 de mayo: Centre de Cultura Contempor\u00e0nia de Barcelona (CCCB), Barcelona, Espa\u00f1a<\/li>\n<li>29 de mayo al 2 de junio: Parc del F\u00f2rum, Barcelona, Espa\u00f1a<\/li>\n<\/ul>\n","protected":false},"excerpt":{"rendered":"<p>Desde 2010, Primavera Pro es un encuentro global para el mundo de la m\u00fasica que une a los profesionales y artistas que conforman el presente y el futuro de la industria. Celebrado en Barcelona como parte de Primavera Sound, el evento sirve como punto de reuni\u00f3n para conectar, compartir conocimiento y generar ideas. Conforma el [&hellip;]<\/p>\n","protected":false},"author":7,"featured_media":18494,"comment_status":"closed","ping_status":"closed","sticky":false,"template":"","format":"standard","meta":{"footnotes":""},"categories":[53],"tags":[],"class_list":["post-18493","post","type-post","status-publish","format-standard","has-post-thumbnail","hentry","category-noticias-generales"],"lang":"es","translations":{"es":18493,"pt":18496},"pll_sync_post":[],"post_mailing_queue_ids":[],"_links":{"self":[{"href":"http:\/\/staging.ibermusicas.org\/index.php\/wp-json\/wp\/v2\/posts\/18493","targetHints":{"allow":["GET"]}}],"collection":[{"href":"http:\/\/staging.ibermusicas.org\/index.php\/wp-json\/wp\/v2\/posts"}],"about":[{"href":"http:\/\/staging.ibermusicas.org\/index.php\/wp-json\/wp\/v2\/types\/post"}],"author":[{"embeddable":true,"href":"http:\/\/staging.ibermusicas.org\/index.php\/wp-json\/wp\/v2\/users\/7"}],"replies":[{"embeddable":true,"href":"http:\/\/staging.ibermusicas.org\/index.php\/wp-json\/wp\/v2\/comments?post=18493"}],"version-history":[{"count":1,"href":"http:\/\/staging.ibermusicas.org\/index.php\/wp-json\/wp\/v2\/posts\/18493\/revisions"}],"predecessor-version":[{"id":18495,"href":"http:\/\/staging.ibermusicas.org\/index.php\/wp-json\/wp\/v2\/posts\/18493\/revisions\/18495"}],"wp:featuredmedia":[{"embeddable":true,"href":"http:\/\/staging.ibermusicas.org\/index.php\/wp-json\/wp\/v2\/media\/18494"}],"wp:attachment":[{"href":"http:\/\/staging.ibermusicas.org\/index.php\/wp-json\/wp\/v2\/media?parent=18493"}],"wp:term":[{"taxonomy":"category","embeddable":true,"href":"http:\/\/staging.ibermusicas.org\/index.php\/wp-json\/wp\/v2\/categories?post=18493"},{"taxonomy":"post_tag","embeddable":true,"href":"http:\/\/staging.ibermusicas.org\/index.php\/wp-json\/wp\/v2\/tags?post=18493"}],"curies":[{"name":"wp","href":"https:\/\/api.w.org\/{rel}","templated":true}]}}