{"id":18496,"date":"2024-05-13T19:46:39","date_gmt":"2024-05-13T19:46:39","guid":{"rendered":"http:\/\/staging.ibermusicas.org\/?p=18496"},"modified":"2024-06-03T16:58:42","modified_gmt":"2024-06-03T16:58:42","slug":"uma-nova-edicao-do-primavera-pro-chega-a-barcelona","status":"publish","type":"post","link":"http:\/\/staging.ibermusicas.org\/index.php\/uma-nova-edicao-do-primavera-pro-chega-a-barcelona\/","title":{"rendered":"Uma nova edi\u00e7\u00e3o do primavera Pro chega a Barcelona"},"content":{"rendered":"<p>Desde 2010, Primavera Pro tem sido um encontro global para o mundo da m\u00fasica, reunindo os profissionais e artistas que comp\u00f5em o presente e o futuro da ind\u00fastria. Realizado em Barcelona como parte do Primavera Sound, o evento serve de ponto de encontro para estabelecer liga\u00e7\u00f5es, partilhar conhecimentos e gerar ideias. Constitui o quadro ideal para se afirmar como a principal plataforma de internacionaliza\u00e7\u00e3o do talento.<\/p>\n<p>&nbsp;<\/p>\n<p>Esta edi\u00e7\u00e3o contar\u00e1 com sess\u00f5es de networking, confer\u00eancias, mesas redondas, showcases e dois convites abertos a projetos: Ideas Showroom e Can You Hear The Echo?<\/p>\n<p>&nbsp;<\/p>\n<p>O Programa Iberm\u00fasicas, atrav\u00e9s da sua linha de Bolsas de Programa\u00e7\u00e3o, apoia a presen\u00e7a no Primavera Pro de Ariel Chichotky (Argentina) da Dale Play Records, Mar\u00eda Ram\u00edrez (Col\u00f4mbia) da Queen Street Talent e Bruno Duque (M\u00e9xico) da TuneCore.<\/p>\n<p>&nbsp;<\/p>\n<p>&nbsp;<\/p>\n<ul>\n<li>27 de maio a 2 de junho: Primavera in the City, Primavera Pro, Barcelona, Espanha.<\/li>\n<li>29 a 31 de maio: Centre de Cultura Contempor\u00e0nia de Barcelona (CCCB), Barcelona, Espanha<\/li>\n<li>29 de maio a 2 de junho: Parc del F\u00f2rum, Barcelona, Espanha<\/li>\n<\/ul>\n","protected":false},"excerpt":{"rendered":"<p>Desde 2010, Primavera Pro tem sido um encontro global para o mundo da m\u00fasica, reunindo os profissionais e artistas que comp\u00f5em o presente e o futuro da ind\u00fastria. Realizado em Barcelona como parte do Primavera Sound, o evento serve de ponto de encontro para estabelecer liga\u00e7\u00f5es, partilhar conhecimentos e gerar ideias. Constitui o quadro ideal [&hellip;]<\/p>\n","protected":false},"author":7,"featured_media":18494,"comment_status":"closed","ping_status":"closed","sticky":false,"template":"","format":"standard","meta":{"footnotes":""},"categories":[218],"tags":[],"class_list":["post-18496","post","type-post","status-publish","format-standard","has-post-thumbnail","hentry","category-noticias-generales-pt"],"lang":"pt","translations":{"pt":18496,"es":18493},"pll_sync_post":[],"post_mailing_queue_ids":[],"_links":{"self":[{"href":"http:\/\/staging.ibermusicas.org\/index.php\/wp-json\/wp\/v2\/posts\/18496","targetHints":{"allow":["GET"]}}],"collection":[{"href":"http:\/\/staging.ibermusicas.org\/index.php\/wp-json\/wp\/v2\/posts"}],"about":[{"href":"http:\/\/staging.ibermusicas.org\/index.php\/wp-json\/wp\/v2\/types\/post"}],"author":[{"embeddable":true,"href":"http:\/\/staging.ibermusicas.org\/index.php\/wp-json\/wp\/v2\/users\/7"}],"replies":[{"embeddable":true,"href":"http:\/\/staging.ibermusicas.org\/index.php\/wp-json\/wp\/v2\/comments?post=18496"}],"version-history":[{"count":1,"href":"http:\/\/staging.ibermusicas.org\/index.php\/wp-json\/wp\/v2\/posts\/18496\/revisions"}],"predecessor-version":[{"id":18497,"href":"http:\/\/staging.ibermusicas.org\/index.php\/wp-json\/wp\/v2\/posts\/18496\/revisions\/18497"}],"wp:featuredmedia":[{"embeddable":true,"href":"http:\/\/staging.ibermusicas.org\/index.php\/wp-json\/wp\/v2\/media\/18494"}],"wp:attachment":[{"href":"http:\/\/staging.ibermusicas.org\/index.php\/wp-json\/wp\/v2\/media?parent=18496"}],"wp:term":[{"taxonomy":"category","embeddable":true,"href":"http:\/\/staging.ibermusicas.org\/index.php\/wp-json\/wp\/v2\/categories?post=18496"},{"taxonomy":"post_tag","embeddable":true,"href":"http:\/\/staging.ibermusicas.org\/index.php\/wp-json\/wp\/v2\/tags?post=18496"}],"curies":[{"name":"wp","href":"https:\/\/api.w.org\/{rel}","templated":true}]}}