{"id":18498,"date":"2024-05-13T19:48:10","date_gmt":"2024-05-13T19:48:10","guid":{"rendered":"http:\/\/staging.ibermusicas.org\/?p=18498"},"modified":"2024-06-03T16:50:16","modified_gmt":"2024-06-03T16:50:16","slug":"la-compositora-chilena-barbara-lopez-realizara-una-pasantia-de-trabajo-orquestal-con-la-banda-mujeres-del-viento-florido-de-oaxaca-mexico","status":"publish","type":"post","link":"http:\/\/staging.ibermusicas.org\/index.php\/la-compositora-chilena-barbara-lopez-realizara-una-pasantia-de-trabajo-orquestal-con-la-banda-mujeres-del-viento-florido-de-oaxaca-mexico\/","title":{"rendered":"La compositora chilena B\u00e1rbara L\u00f3pez realizar\u00e1 una pasant\u00eda de trabajo orquestal con la Banda Mujeres del Viento Florido de Oaxaca, M\u00e9xico"},"content":{"rendered":"<p>El proyecto consiste en una pasant\u00eda de B\u00e1rbara L\u00f3pez Silva en Santa Mar\u00eda Tlahuitoltepec, Oaxaca, M\u00e9xico para estudiar durante el mes de mayo y junio, el m\u00e9todo de trabajo orquestal que realiza la maestra Leticia Gallardo, directora de la Banda Mujeres del Viento Florido y de la banda de ni\u00f1as y ni\u00f1os de Tlahuitoltepec. El trabajo abordar\u00e1 el repertorio musical tradicional y las metodolog\u00edas utilizadas en la bandas de vientos y percusi\u00f3n, adem\u00e1s de la cultura propia de las integrantes, finalizando con una presentaci\u00f3n en vivo junto a ellas.<\/p>\n<p>&nbsp;<\/p>\n<p>B\u00e1rbara L\u00f3pez Silva inici\u00f3 sus estudios de pedagog\u00eda en m\u00fasica en el a\u00f1o 1998, paralelamente realizando estudios de trompeta y desde ese momento ha estado ligada a las artes musicales ya sea en diferentes agrupaciones tales como Banda Conmoci\u00f3n, Peces Sexteto, entre otros. Adem\u00e1s al quehacer art\u00edstico, ha dado clases de m\u00fasica en diferentes jardines infantiles de Santiago de Chile y clases de trompeta y tromb\u00f3n para ni\u00f1os en orquestas de colegios de la capital. Hoy en d\u00eda trabaja haciendo clases de trompeta, tromb\u00f3n y flauta traversa en la Orquesta instrumental de ni\u00f1os y j\u00f3venes de Lonquimay y se dedica a componer y tocar en la banda M\u00fasica en mi jard\u00edn que tiene como objetivo principal, crear canciones para las ni\u00f1as y ni\u00f1os de hoy.<\/p>\n<p>&nbsp;<\/p>\n<p>Leticia Gallardo Mart\u00ednez naci\u00f3 en Santa Mar\u00eda Tlahuitoltepec, Oaxaca, M\u00e9xico en 1978. Es compositora, educadora, clarinetista, directora y fundadora de la primera banda femenina regional, Mujeres del Viento Florido para la preservaci\u00f3n de la cultura mixe, la promoci\u00f3n y la inclusi\u00f3n de las mujeres en la m\u00fasica tradicional. Comienza sus estudios musicales a los 8 a\u00f1os de edad en el Centro de capacitaci\u00f3n musical y desarrollo de la cultura Mixe en la comunidad de Santa Mar\u00eda Tlahuitoltepec donde aprende percusiones, solfeo y clarinete. Despu\u00e9s estudi\u00f3 violonchelo en la Escuela de M\u00fasica Vida y Movimiento en el Centro Cultural Ollin Yolizztli en la Ciudad de M\u00e9xico. Curs\u00f3 la licenciatura en Artes en el Instituto Multidisciplinario de Especializaci\u00f3n de la Ciudad de Oaxaca as\u00ed como cursos en educaci\u00f3n biling\u00fce en espa\u00f1ol y mixe a nivel preescolar. Ha formado parte de las bandas del CECAM, la municipal y otras agrupaciones de Oaxaca que se presentaron por varios estados de la Rep\u00fablica Mexicana. Estudia la Licenciatura en Pedagog\u00eda en la Universidad Pedag\u00f3gica Nacional en Oaxaca y se titula como maestra de educaci\u00f3n b\u00e1sica.<\/p>\n<p>&nbsp;<\/p>\n<p>En 2009 nace la banda regional Mujeres del Viento Florido de manera independiente por iniciativa de padres de familia de ni\u00f1as, as\u00ed como mujeres m\u00fasicas de la comunidad ya que a muchas de ellas no les era permitido participar en bandas regionales debido a que es un \u00e1mbito mayoritariamente de hombres. La banda cuenta con la participaci\u00f3n de 40 ni\u00f1as y adolescentes originarias de varias regiones de Oaxaca. Ha participado en el Encuentro internacional de Directoras de Bandas Musicales, colaborado con artistas como Mon Laferte en Se va la vida, Alejandra Robles, Lila Downs Mujercita M\u00fasico y Vivir Quintana con la canci\u00f3n Vivir sin miedo en ayuujk.<\/p>\n<p>&nbsp;<\/p>\n<p>B\u00e1rbara L\u00f3pez ha sido ganadora de las Ayudas para la especializaci\u00f3n y el perfeccionamiento art\u00edstico y t\u00e9cnico del sector musical, convocatoria 2023.<\/p>\n<p>&nbsp;<\/p>\n<p>&nbsp;<\/p>\n<ul>\n<li>31 de mayo, 17h: Concierto final de la pasant\u00eda en CECAM, Santa Mar\u00eda Tlahuitoltepec, M\u00e9xico<\/li>\n<\/ul>\n","protected":false},"excerpt":{"rendered":"<p>El proyecto consiste en una pasant\u00eda de B\u00e1rbara L\u00f3pez Silva en Santa Mar\u00eda Tlahuitoltepec, Oaxaca, M\u00e9xico para estudiar durante el mes de mayo y junio, el m\u00e9todo de trabajo orquestal que realiza la maestra Leticia Gallardo, directora de la Banda Mujeres del Viento Florido y de la banda de ni\u00f1as y ni\u00f1os de Tlahuitoltepec. El [&hellip;]<\/p>\n","protected":false},"author":7,"featured_media":18499,"comment_status":"closed","ping_status":"closed","sticky":false,"template":"","format":"standard","meta":{"footnotes":""},"categories":[53],"tags":[],"class_list":["post-18498","post","type-post","status-publish","format-standard","has-post-thumbnail","hentry","category-noticias-generales"],"lang":"es","translations":{"es":18498,"pt":18501},"pll_sync_post":[],"post_mailing_queue_ids":[],"_links":{"self":[{"href":"http:\/\/staging.ibermusicas.org\/index.php\/wp-json\/wp\/v2\/posts\/18498","targetHints":{"allow":["GET"]}}],"collection":[{"href":"http:\/\/staging.ibermusicas.org\/index.php\/wp-json\/wp\/v2\/posts"}],"about":[{"href":"http:\/\/staging.ibermusicas.org\/index.php\/wp-json\/wp\/v2\/types\/post"}],"author":[{"embeddable":true,"href":"http:\/\/staging.ibermusicas.org\/index.php\/wp-json\/wp\/v2\/users\/7"}],"replies":[{"embeddable":true,"href":"http:\/\/staging.ibermusicas.org\/index.php\/wp-json\/wp\/v2\/comments?post=18498"}],"version-history":[{"count":1,"href":"http:\/\/staging.ibermusicas.org\/index.php\/wp-json\/wp\/v2\/posts\/18498\/revisions"}],"predecessor-version":[{"id":18500,"href":"http:\/\/staging.ibermusicas.org\/index.php\/wp-json\/wp\/v2\/posts\/18498\/revisions\/18500"}],"wp:featuredmedia":[{"embeddable":true,"href":"http:\/\/staging.ibermusicas.org\/index.php\/wp-json\/wp\/v2\/media\/18499"}],"wp:attachment":[{"href":"http:\/\/staging.ibermusicas.org\/index.php\/wp-json\/wp\/v2\/media?parent=18498"}],"wp:term":[{"taxonomy":"category","embeddable":true,"href":"http:\/\/staging.ibermusicas.org\/index.php\/wp-json\/wp\/v2\/categories?post=18498"},{"taxonomy":"post_tag","embeddable":true,"href":"http:\/\/staging.ibermusicas.org\/index.php\/wp-json\/wp\/v2\/tags?post=18498"}],"curies":[{"name":"wp","href":"https:\/\/api.w.org\/{rel}","templated":true}]}}