{"id":18501,"date":"2024-05-13T19:49:20","date_gmt":"2024-05-13T19:49:20","guid":{"rendered":"http:\/\/staging.ibermusicas.org\/?p=18501"},"modified":"2024-06-03T16:58:36","modified_gmt":"2024-06-03T16:58:36","slug":"a-compositora-chilena-barbara-lopez-vai-realizar-um-estagio-de-trabalho-orquestral-com-a-banda-mujeres-del-viento-florido-de-oaxaca-mexico","status":"publish","type":"post","link":"http:\/\/staging.ibermusicas.org\/index.php\/a-compositora-chilena-barbara-lopez-vai-realizar-um-estagio-de-trabalho-orquestral-com-a-banda-mujeres-del-viento-florido-de-oaxaca-mexico\/","title":{"rendered":"A compositora chilena B\u00e1rbara L\u00f3pez vai realizar um est\u00e1gio de trabalho orquestral com a Banda Mujeres del Viento Florido de Oaxaca, M\u00e9xico"},"content":{"rendered":"<p>O projeto consiste num est\u00e1gio de B\u00e1rbara L\u00f3pez Silva em Santa Mar\u00eda Tlahuitoltepec, Oaxaca, M\u00e9xico, para estudar durante os meses de maio e junho o m\u00e9todo de trabalho orquestral desenvolvido pela maestrina Leticia Gallardo, directora da Banda Mujeres del Viento Florido e da banda infantil de Tlahuitoltepec. O trabalho abordar\u00e1 o repert\u00f3rio musical tradicional e as metodologias utilizadas nas bandas de sopro e percuss\u00e3o, bem como a cultura pr\u00f3pria das integrantes, terminando com uma atua\u00e7\u00e3o ao vivo com elas.<\/p>\n<p>&nbsp;<\/p>\n<p>B\u00e1rbara L\u00f3pez Silva iniciou os seus estudos em pedagogia musical em 1998, ao mesmo tempo que estudava trompete e desde ent\u00e3o tem estado ligada \u00e0s artes musicais em diferentes grupos como a Banda Conmoci\u00f3n, Peces Sexteto, entre outros. Para al\u00e9m do seu trabalho art\u00edstico, deu aulas de m\u00fasica em diferentes jardins de inf\u00e2ncia de Santiago do Chile e deu aulas de trompete e trombone para crian\u00e7as em orquestras escolares da capital. Atualmente, trabalha como professora de trompete, trombone e flauta na orquestra instrumental de crian\u00e7as e jovens de Lonquimay e comp\u00f5e e toca na banda M\u00fasica en mi jard\u00edn, cujo principal objetivo \u00e9 criar can\u00e7\u00f5es para as crian\u00e7as de hoje.<\/p>\n<p>&nbsp;<\/p>\n<p>Leticia Gallardo Mart\u00ednez nasceu em Santa Mar\u00eda Tlahuitoltepec, Oaxaca, M\u00e9xico, em 1978. \u00c9 compositora, educadora, clarinetista, diretora e fundadora da primeira banda feminina regional, Mujeres del Viento Florido, para a preserva\u00e7\u00e3o da cultura Mixe, promo\u00e7\u00e3o e inclus\u00e3o das mulheres na m\u00fasica tradicional. Iniciou os seus estudos musicais aos 8 anos de idade no Centro de capacita\u00e7\u00e3o musical e desenvolvimento da cultura Mixe na comunidade de Santa Mar\u00eda Tlahuitoltepec onde aprendeu percuss\u00e3o, solfejo e clarinete. De seguida, estudou violoncelo na Escuela de M\u00fasica Vida y Movimiento do Centro Cultural Ollin Yolizztli na Cidade do M\u00e9xico. Estudou uma licenciatura em Artes no Instituto Multidisciplinario de Especializa\u00e7\u00e3o na cidade de Oaxaca, bem como cursos de educa\u00e7\u00e3o bil\u00edngue em espanhol e mixe no n\u00edvel pr\u00e9-escolar. Foi membro das bandas do CECAM, da banda municipal e de outros grupos oaxaquenhos que atuaram em v\u00e1rios estados da Rep\u00fablica Mexicana. Estudou pedagogia na Universidade Pedag\u00f3gica Nacional de Oaxaca e licenciou-se como professora do ensino b\u00e1sico.<\/p>\n<p>&nbsp;<\/p>\n<p>Em 2009, a banda regional Mujeres del Viento Florido foi fundada de forma independente pelos pais das raparigas, bem como por mulheres musicistas da comunidade, uma vez que muitas delas n\u00e3o estavam autorizadas a participar em bandas regionais devido ao facto de se tratar de um dom\u00ednio maioritariamente masculino. A banda conta com a participa\u00e7\u00e3o de 40 raparigas e adolescentes de v\u00e1rias regi\u00f5es de Oaxaca. Participou no Encuentro Internacional de Directas de Bandas Musicales, colaborou com artistas como Mon Laferte em Se va la vida, Alejandra Robles, Lila Downs Mujercita M\u00fasico e Vivir Quintana com a can\u00e7\u00e3o Vivir sin miedo en ayuujk.<\/p>\n<p>&nbsp;<\/p>\n<p>B\u00e1rbara L\u00f3pez \u00e9 vencedora das Ajudas \u00e0 especializa\u00e7\u00e3o e ao aperfei\u00e7oamento art\u00edstico e t\u00e9cnico do sector musical, editais 2023.<\/p>\n<p>&nbsp;<\/p>\n<ul>\n<li>31 de maio, 17h: Concerto final do est\u00e1gio no CECAM, Santa Mar\u00eda Tlahuitoltepec, M\u00e9xico<\/li>\n<\/ul>\n","protected":false},"excerpt":{"rendered":"<p>O projeto consiste num est\u00e1gio de B\u00e1rbara L\u00f3pez Silva em Santa Mar\u00eda Tlahuitoltepec, Oaxaca, M\u00e9xico, para estudar durante os meses de maio e junho o m\u00e9todo de trabalho orquestral desenvolvido pela maestrina Leticia Gallardo, directora da Banda Mujeres del Viento Florido e da banda infantil de Tlahuitoltepec. O trabalho abordar\u00e1 o repert\u00f3rio musical tradicional e [&hellip;]<\/p>\n","protected":false},"author":7,"featured_media":18499,"comment_status":"closed","ping_status":"closed","sticky":false,"template":"","format":"standard","meta":{"footnotes":""},"categories":[218],"tags":[],"class_list":["post-18501","post","type-post","status-publish","format-standard","has-post-thumbnail","hentry","category-noticias-generales-pt"],"lang":"pt","translations":{"pt":18501,"es":18498},"pll_sync_post":[],"post_mailing_queue_ids":[],"_links":{"self":[{"href":"http:\/\/staging.ibermusicas.org\/index.php\/wp-json\/wp\/v2\/posts\/18501","targetHints":{"allow":["GET"]}}],"collection":[{"href":"http:\/\/staging.ibermusicas.org\/index.php\/wp-json\/wp\/v2\/posts"}],"about":[{"href":"http:\/\/staging.ibermusicas.org\/index.php\/wp-json\/wp\/v2\/types\/post"}],"author":[{"embeddable":true,"href":"http:\/\/staging.ibermusicas.org\/index.php\/wp-json\/wp\/v2\/users\/7"}],"replies":[{"embeddable":true,"href":"http:\/\/staging.ibermusicas.org\/index.php\/wp-json\/wp\/v2\/comments?post=18501"}],"version-history":[{"count":1,"href":"http:\/\/staging.ibermusicas.org\/index.php\/wp-json\/wp\/v2\/posts\/18501\/revisions"}],"predecessor-version":[{"id":18502,"href":"http:\/\/staging.ibermusicas.org\/index.php\/wp-json\/wp\/v2\/posts\/18501\/revisions\/18502"}],"wp:featuredmedia":[{"embeddable":true,"href":"http:\/\/staging.ibermusicas.org\/index.php\/wp-json\/wp\/v2\/media\/18499"}],"wp:attachment":[{"href":"http:\/\/staging.ibermusicas.org\/index.php\/wp-json\/wp\/v2\/media?parent=18501"}],"wp:term":[{"taxonomy":"category","embeddable":true,"href":"http:\/\/staging.ibermusicas.org\/index.php\/wp-json\/wp\/v2\/categories?post=18501"},{"taxonomy":"post_tag","embeddable":true,"href":"http:\/\/staging.ibermusicas.org\/index.php\/wp-json\/wp\/v2\/tags?post=18501"}],"curies":[{"name":"wp","href":"https:\/\/api.w.org\/{rel}","templated":true}]}}