{"id":18503,"date":"2024-05-13T19:50:36","date_gmt":"2024-05-13T19:50:36","guid":{"rendered":"http:\/\/staging.ibermusicas.org\/?p=18503"},"modified":"2024-05-13T19:50:36","modified_gmt":"2024-05-13T19:50:36","slug":"palopa-luspa-podcast-sobre-musica-y-ciclo-de-vida-del-pueblo-misak-guambia-colombia","status":"publish","type":"post","link":"http:\/\/staging.ibermusicas.org\/index.php\/palopa-luspa-podcast-sobre-musica-y-ciclo-de-vida-del-pueblo-misak-guambia-colombia\/","title":{"rendered":"Pal\u00f8pa luspa, podcast sobre m\u00fasica y ciclo de vida del Pueblo Misak, Guambia, Colombia"},"content":{"rendered":"<p>Pal\u00f8pa luspa es un Ciclo de Podcast de cuatro cap\u00edtulos, que reflexionan sobre la centralidad de la m\u00fasica propia en el ciclo de vida para el pueblo Misak: las relaciones entre sonido, territorio y cuerpo, la importancia en las din\u00e1micas vitales y sociopol\u00edticas actuales.<\/p>\n<p>&nbsp;<\/p>\n<p>Se trata de un trabajo colaborativo entre el antrop\u00f3logo y m\u00fasico Oscar Giovanni Mart\u00ednez Pe\u00f1a y el m\u00fasico investigador e Misak Taita Samuel Morales, que procura difundir de forma local y en conexi\u00f3n global, en lengua propia y en castellano, datos relevantes hist\u00f3ricos y actuales sobre una de las pr\u00e1cticas musicales del pueblo ancestral Misak en Guambia, en el sudoeste de Colombia.<\/p>\n<p>&nbsp;<\/p>\n<p>Oscar Giovanni Mart\u00ednez Pe\u00f1a es doctor y maestro en Antropolog\u00eda Social por la Universidade Federal do Rio Grande do Sul (UFRGS); investigador asociado al Grupo de Estudios Musicales (GEM\/PPGMUS\/UFRGS). Su campo de actuaci\u00f3n aborda las l\u00edneas de: imagen, arte, m\u00fasica y performance; relaciones \u00e9tnico-raciales y cuestiones ind\u00edgenas; tecnolog\u00edas digitales y ciber- cultura. Ha investigado sobre Patrimonio Cultural Inmaterial, pr\u00e1cticas sonoro-musicales tradicionales y contempor\u00e1neas, territorialidades, pol\u00edtica ind\u00edgena y movilidad humana. Es m\u00fasico, multi-percusionista, con m\u00e1s de 20 a\u00f1os de experiencia en la interpretaci\u00f3n de m\u00fasicas populares y tradicionales de Colombia.<\/p>\n<p>&nbsp;<\/p>\n<p>Taita Samuel Morales es m\u00fasico e investigador perteneciente al Pueblo Ancestral Misak. Agricultor, constructor y dise\u00f1ador de viviendas en Guambia, Cauca, Colombia. Es int\u00e9rprete y constructor de instrumentos usados en la m\u00fasica propia Misak: Namuy Pal\u00f8pa luspa. Por nombramiento del Cabildo, autoridad del Pueblo Misak, se ha desempe\u00f1ado como Coordinador del Programa de M\u00fasica y Danza y\u00a0 es docente de la Misak Universidad. Ha sido asesor, colaborador e interlocutor de estudiantes e investigadores de universidades nacionales e internacionales.<\/p>\n<p>&nbsp;<\/p>\n<p>Este proyecto fue premiado por Iberm\u00fasicas en su l\u00ednea de acci\u00f3n de Ayudas al Sector Musical en Modalidad Virtual, convocatoria 2023.<\/p>\n<p>&nbsp;<\/p>\n<p>&nbsp;<\/p>\n<p>https:\/\/sites.google.com\/view\/musicapropiamisak\/inicio<\/p>\n","protected":false},"excerpt":{"rendered":"<p>Pal\u00f8pa luspa es un Ciclo de Podcast de cuatro cap\u00edtulos, que reflexionan sobre la centralidad de la m\u00fasica propia en el ciclo de vida para el pueblo Misak: las relaciones entre sonido, territorio y cuerpo, la importancia en las din\u00e1micas vitales y sociopol\u00edticas actuales. &nbsp; Se trata de un trabajo colaborativo entre el antrop\u00f3logo y [&hellip;]<\/p>\n","protected":false},"author":7,"featured_media":18504,"comment_status":"closed","ping_status":"closed","sticky":false,"template":"","format":"standard","meta":{"footnotes":""},"categories":[53],"tags":[],"class_list":["post-18503","post","type-post","status-publish","format-standard","has-post-thumbnail","hentry","category-noticias-generales"],"lang":"es","translations":{"es":18503,"pt":18506},"pll_sync_post":[],"post_mailing_queue_ids":[],"_links":{"self":[{"href":"http:\/\/staging.ibermusicas.org\/index.php\/wp-json\/wp\/v2\/posts\/18503","targetHints":{"allow":["GET"]}}],"collection":[{"href":"http:\/\/staging.ibermusicas.org\/index.php\/wp-json\/wp\/v2\/posts"}],"about":[{"href":"http:\/\/staging.ibermusicas.org\/index.php\/wp-json\/wp\/v2\/types\/post"}],"author":[{"embeddable":true,"href":"http:\/\/staging.ibermusicas.org\/index.php\/wp-json\/wp\/v2\/users\/7"}],"replies":[{"embeddable":true,"href":"http:\/\/staging.ibermusicas.org\/index.php\/wp-json\/wp\/v2\/comments?post=18503"}],"version-history":[{"count":1,"href":"http:\/\/staging.ibermusicas.org\/index.php\/wp-json\/wp\/v2\/posts\/18503\/revisions"}],"predecessor-version":[{"id":18505,"href":"http:\/\/staging.ibermusicas.org\/index.php\/wp-json\/wp\/v2\/posts\/18503\/revisions\/18505"}],"wp:featuredmedia":[{"embeddable":true,"href":"http:\/\/staging.ibermusicas.org\/index.php\/wp-json\/wp\/v2\/media\/18504"}],"wp:attachment":[{"href":"http:\/\/staging.ibermusicas.org\/index.php\/wp-json\/wp\/v2\/media?parent=18503"}],"wp:term":[{"taxonomy":"category","embeddable":true,"href":"http:\/\/staging.ibermusicas.org\/index.php\/wp-json\/wp\/v2\/categories?post=18503"},{"taxonomy":"post_tag","embeddable":true,"href":"http:\/\/staging.ibermusicas.org\/index.php\/wp-json\/wp\/v2\/tags?post=18503"}],"curies":[{"name":"wp","href":"https:\/\/api.w.org\/{rel}","templated":true}]}}