{"id":18506,"date":"2024-05-13T19:51:53","date_gmt":"2024-05-13T19:51:53","guid":{"rendered":"http:\/\/staging.ibermusicas.org\/?p=18506"},"modified":"2024-06-03T16:58:30","modified_gmt":"2024-06-03T16:58:30","slug":"palopa-luspa-podcast-sobre-a-musica-e-o-ciclo-de-vida-do-povo-misak-guambia-colombia","status":"publish","type":"post","link":"http:\/\/staging.ibermusicas.org\/index.php\/palopa-luspa-podcast-sobre-a-musica-e-o-ciclo-de-vida-do-povo-misak-guambia-colombia\/","title":{"rendered":"Pal\u00f8pa luspa, podcast sobre a m\u00fasica e o ciclo de vida do povo Misak, Gu\u00e2mbia, Col\u00f4mbia"},"content":{"rendered":"<p>Pal\u00f8pa luspa \u00e9 um Ciclo de Podcast de quatro cap\u00edtulos, que reflecte sobre a centralidade da sua pr\u00f3pria m\u00fasica no ciclo de vida do povo Misak: as rela\u00e7\u00f5es entre som, territ\u00f3rio e corpo, a import\u00e2ncia nas din\u00e2micas vitais e sociopol\u00edticas actuais.<\/p>\n<p>&nbsp;<\/p>\n<p>Trata-se de um trabalho colaborativo entre o antrop\u00f3logo e m\u00fasico Oscar Giovanni Mart\u00ednez Pe\u00f1a e o investigador e m\u00fasico Misak Taita Samuel Morales, que procura divulgar local e globalmente, na sua pr\u00f3pria l\u00edngua e em espanhol, dados hist\u00f3ricos e actuais relevantes sobre uma das pr\u00e1ticas musicais do povo ancestral Misak da Gu\u00e2mbia, no sudoeste da Col\u00f4mbia.<\/p>\n<p>&nbsp;<\/p>\n<p>Oscar Giovanni Mart\u00ednez Pe\u00f1a \u00e9 doutor e mestre em Antropologia Social pela Universidade Federal do Rio Grande do Sul (UFRGS); \u00e9 pesquisador associado ao Grupo de Estudos Musicais (GEM\/PPGMUS\/UFRGS). Seu campo de atua\u00e7\u00e3o aborda as seguintes linhas: imagem, arte, m\u00fasica e performance; rela\u00e7\u00f5es \u00e9tnico-raciais e quest\u00f5es ind\u00edgenas; tecnologias digitais e cibercultura. Tem realizado pesquisas sobre Patrim\u00f4nio Cultural Imaterial, pr\u00e1ticas sonoro-musicais tradicionais e contempor\u00e2neas, territorialidades, pol\u00edticas ind\u00edgenas e mobilidade humana. \u00c9 m\u00fasico, multi-percussionista, com mais de 20 anos de experi\u00eancia na execu\u00e7\u00e3o de m\u00fasica popular e tradicional colombiana.<\/p>\n<p>&nbsp;<\/p>\n<p>Taita Samuel Morales \u00e9 um m\u00fasico e investigador pertencente ao Povo Ancestral Misak. \u00c9 agricultor, construtor e desenhador de casas em Guambia, Cauca, Col\u00f4mbia. \u00c9 executante e construtor de instrumentos utilizados na m\u00fasica pr\u00f3pria dos Misak: Namuy Pal\u00f8pa luspa. Por nomea\u00e7\u00e3o do Cabildo, autoridade do povo Misak, foi Coordenador do Programa de M\u00fasica e Dan\u00e7a e leciona na Universidade Misak. Tem sido conselheiro, colaborador e interlocutor de estudantes e investigadores de universidades nacionais e internacionais.<\/p>\n<p>&nbsp;<\/p>\n<p>Este projeto foi premiado pelo Programa Iberm\u00fasicas na sua linha de a\u00e7\u00e3o de Ajuda ao Sector da M\u00fasica em Modalidade Virtual, edital 2023.<\/p>\n<p>&nbsp;<\/p>\n<p>&nbsp;<\/p>\n<p><a href=\"https:\/\/sites.google.com\/view\/musicapropiamisak\/inicio\">https:\/\/sites.google.com\/view\/musicapropiamisak\/inicio<\/a><\/p>\n","protected":false},"excerpt":{"rendered":"<p>Pal\u00f8pa luspa \u00e9 um Ciclo de Podcast de quatro cap\u00edtulos, que reflecte sobre a centralidade da sua pr\u00f3pria m\u00fasica no ciclo de vida do povo Misak: as rela\u00e7\u00f5es entre som, territ\u00f3rio e corpo, a import\u00e2ncia nas din\u00e2micas vitais e sociopol\u00edticas actuais. &nbsp; Trata-se de um trabalho colaborativo entre o antrop\u00f3logo e m\u00fasico Oscar Giovanni Mart\u00ednez [&hellip;]<\/p>\n","protected":false},"author":7,"featured_media":18504,"comment_status":"closed","ping_status":"closed","sticky":false,"template":"","format":"standard","meta":{"footnotes":""},"categories":[218],"tags":[],"class_list":["post-18506","post","type-post","status-publish","format-standard","has-post-thumbnail","hentry","category-noticias-generales-pt"],"lang":"pt","translations":{"pt":18506,"es":18503},"pll_sync_post":[],"post_mailing_queue_ids":[],"_links":{"self":[{"href":"http:\/\/staging.ibermusicas.org\/index.php\/wp-json\/wp\/v2\/posts\/18506","targetHints":{"allow":["GET"]}}],"collection":[{"href":"http:\/\/staging.ibermusicas.org\/index.php\/wp-json\/wp\/v2\/posts"}],"about":[{"href":"http:\/\/staging.ibermusicas.org\/index.php\/wp-json\/wp\/v2\/types\/post"}],"author":[{"embeddable":true,"href":"http:\/\/staging.ibermusicas.org\/index.php\/wp-json\/wp\/v2\/users\/7"}],"replies":[{"embeddable":true,"href":"http:\/\/staging.ibermusicas.org\/index.php\/wp-json\/wp\/v2\/comments?post=18506"}],"version-history":[{"count":1,"href":"http:\/\/staging.ibermusicas.org\/index.php\/wp-json\/wp\/v2\/posts\/18506\/revisions"}],"predecessor-version":[{"id":18507,"href":"http:\/\/staging.ibermusicas.org\/index.php\/wp-json\/wp\/v2\/posts\/18506\/revisions\/18507"}],"wp:featuredmedia":[{"embeddable":true,"href":"http:\/\/staging.ibermusicas.org\/index.php\/wp-json\/wp\/v2\/media\/18504"}],"wp:attachment":[{"href":"http:\/\/staging.ibermusicas.org\/index.php\/wp-json\/wp\/v2\/media?parent=18506"}],"wp:term":[{"taxonomy":"category","embeddable":true,"href":"http:\/\/staging.ibermusicas.org\/index.php\/wp-json\/wp\/v2\/categories?post=18506"},{"taxonomy":"post_tag","embeddable":true,"href":"http:\/\/staging.ibermusicas.org\/index.php\/wp-json\/wp\/v2\/tags?post=18506"}],"curies":[{"name":"wp","href":"https:\/\/api.w.org\/{rel}","templated":true}]}}