{"id":18511,"date":"2024-05-13T20:03:29","date_gmt":"2024-05-13T20:03:29","guid":{"rendered":"http:\/\/staging.ibermusicas.org\/?p=18511"},"modified":"2024-06-03T16:58:22","modified_gmt":"2024-06-03T16:58:22","slug":"o-compositor-venezuelano-emilio-mendoza-guardia-inicia-a-sua-residencia-olhar-para-os-sons-musica-visual-e-abstracao-na-arte-video-no-zkm-zentrum-fur-kunst-und-medien-karlsruhe-alemanha","status":"publish","type":"post","link":"http:\/\/staging.ibermusicas.org\/index.php\/o-compositor-venezuelano-emilio-mendoza-guardia-inicia-a-sua-residencia-olhar-para-os-sons-musica-visual-e-abstracao-na-arte-video-no-zkm-zentrum-fur-kunst-und-medien-karlsruhe-alemanha\/","title":{"rendered":"O compositor venezuelano Emilio Mendoza Guardia inicia a sua resid\u00eancia \u00abOlhar para os sons: m\u00fasica visual e abstra\u00e7\u00e3o na arte v\u00eddeo\u00bb no ZKM &#8211; Zentrum f\u00fcr Kunst und Medien, Karlsruhe, Alemanha"},"content":{"rendered":"<p>A investiga\u00e7\u00e3o de Emilio Mendoza Guardia centra-se na determina\u00e7\u00e3o das possibilidades mais pr\u00f3ximas de traduzir a m\u00fasica em imagens em movimento, com os procedimentos musicais de composi\u00e7\u00e3o aplicados \u00e0 arte v\u00eddeo abstrata.<\/p>\n<p>&nbsp;<\/p>\n<p>A resid\u00eancia de investiga\u00e7\u00e3o no ZKM &#8211; Zentrum f\u00fcr Kunst und Medien (Centro de Arte e Media) em Karlsruhe, Alemanha, inclui a an\u00e1lise de refer\u00eancias audiovisuais que t\u00eam a abstra\u00e7\u00e3o como linguagem visual dominante, o que tamb\u00e9m envolve a arte visual do in\u00edcio do s\u00e9culo XX no Ocidente.<\/p>\n<p>&nbsp;<\/p>\n<p>Parte-se do princ\u00edpio de que a perce\u00e7\u00e3o da abstra\u00e7\u00e3o visual tende para uma ordem musical, como base para o g\u00e9nero da M\u00fasica Visual. Esta procura tem sido um desafio constante na hist\u00f3ria da cultura e da arte ocidental durante s\u00e9culos, com a vantagem de que hoje em dia a tecnologia audiovisual oferece as possibilidades de alcan\u00e7ar este sonho sinest\u00e9sico, coincidindo com a generaliza\u00e7\u00e3o na nossa sociedade atual do uso de v\u00eddeos em grande quantidade para qualquer tipo de comunica\u00e7\u00e3o social e pessoal.<\/p>\n<p>&nbsp;<\/p>\n<p>O projeto produzir\u00e1 conhecimentos art\u00edsticos e t\u00e9cnicos sobre M\u00fasica Visual em artigos especializados, bem como composi\u00e7\u00f5es audiovisuais do autor.<\/p>\n<p>&nbsp;<\/p>\n<p>O Dr. Mendoza \u00e9 compositor, guitarrista, investigador e professor universit\u00e1rio. Desenvolveu uma produ\u00e7\u00e3o criativa profissional nos dom\u00ednios da m\u00fasica regional, da m\u00fasica dos media e da arte musical acad\u00e9mica. Em 1976, foi o primeiro venezuelano a ser selecionado para um festival da International Society for Contemporary Music &#8211; ISCM em Boston, e a ganhar o prestigiado Pr\u00e9mio Internacional de Composi\u00e7\u00e3o Gaudeamus em 1978, em Bilthoven, Holanda. Ganhou o Pr\u00e9mio Nacional de Composi\u00e7\u00e3o em 1981 e 1991, em Caracas. Aluno de Ioannidis, obteve o Diplom in Komposition do RSI, D\u00fcsseldorf, 1980, e estudou Dan\u00e7a e Percuss\u00e3o Africana em Kokrobitey, Gana, 1981, com Mustapha Tettey Addy. Co-fundou, dirigiu e comp\u00f4s para a Orquestra de Instrumentos Latino-Americanos &#8211; ODILA em Caracas, 1982-87. Doutorado em Composi\u00e7\u00e3o pela Universidade Cat\u00f3lica da Am\u00e9rica, Washington, DC, 1990. Foi professor assistente na State University of New York, Potsdam, EUA, 1991-94. Em 1995, desenvolveu o primeiro s\u00edtio web audiovisual cultural da Venezuela sobre instrumentos musicais, como presidente da Fundaci\u00f3n de Etnomusicolog\u00eda y Folklore, FUNDEF, em Caracas. Foi fundador, secret\u00e1rio, tesoureiro e presidente da Sociedade Venezuelana de M\u00fasica Contempor\u00e2nea desde 1975, fundador e primeiro presidente do Cap\u00edtulo IASPM\/AL-Venezuela, bem como membro do Conselho Presidencial da ISCM, 2004-08. \u00c9 professor catedr\u00e1tico aposentado da Universidad Sim\u00f3n Bol\u00edvar, Caracas, 1998-2013, e desde outubro de 2022 \u00e9 professor catedr\u00e1tico da Universidad Nacional Experimental de las Artes, Caracas. Como guitarrista do seu grupo Ozono Jazz, dedica-se ao ativismo ecol\u00f3gico musical, bem como \u00e0 pedagogia da guitarra.<\/p>\n<p>&nbsp;<\/p>\n<p>Emilio Mendoza Guardia foi o vencedor do concurso Iberm\u00fasicas 2023 na modalidade de Ajudas a Compositores para Resid\u00eancias Art\u00edsticas.<\/p>\n","protected":false},"excerpt":{"rendered":"<p>A investiga\u00e7\u00e3o de Emilio Mendoza Guardia centra-se na determina\u00e7\u00e3o das possibilidades mais pr\u00f3ximas de traduzir a m\u00fasica em imagens em movimento, com os procedimentos musicais de composi\u00e7\u00e3o aplicados \u00e0 arte v\u00eddeo abstrata. &nbsp; A resid\u00eancia de investiga\u00e7\u00e3o no ZKM &#8211; Zentrum f\u00fcr Kunst und Medien (Centro de Arte e Media) em Karlsruhe, Alemanha, inclui a [&hellip;]<\/p>\n","protected":false},"author":7,"featured_media":18509,"comment_status":"closed","ping_status":"closed","sticky":false,"template":"","format":"standard","meta":{"footnotes":""},"categories":[218],"tags":[],"class_list":["post-18511","post","type-post","status-publish","format-standard","has-post-thumbnail","hentry","category-noticias-generales-pt"],"lang":"pt","translations":{"pt":18511,"es":18508},"pll_sync_post":[],"post_mailing_queue_ids":[],"_links":{"self":[{"href":"http:\/\/staging.ibermusicas.org\/index.php\/wp-json\/wp\/v2\/posts\/18511","targetHints":{"allow":["GET"]}}],"collection":[{"href":"http:\/\/staging.ibermusicas.org\/index.php\/wp-json\/wp\/v2\/posts"}],"about":[{"href":"http:\/\/staging.ibermusicas.org\/index.php\/wp-json\/wp\/v2\/types\/post"}],"author":[{"embeddable":true,"href":"http:\/\/staging.ibermusicas.org\/index.php\/wp-json\/wp\/v2\/users\/7"}],"replies":[{"embeddable":true,"href":"http:\/\/staging.ibermusicas.org\/index.php\/wp-json\/wp\/v2\/comments?post=18511"}],"version-history":[{"count":1,"href":"http:\/\/staging.ibermusicas.org\/index.php\/wp-json\/wp\/v2\/posts\/18511\/revisions"}],"predecessor-version":[{"id":18512,"href":"http:\/\/staging.ibermusicas.org\/index.php\/wp-json\/wp\/v2\/posts\/18511\/revisions\/18512"}],"wp:featuredmedia":[{"embeddable":true,"href":"http:\/\/staging.ibermusicas.org\/index.php\/wp-json\/wp\/v2\/media\/18509"}],"wp:attachment":[{"href":"http:\/\/staging.ibermusicas.org\/index.php\/wp-json\/wp\/v2\/media?parent=18511"}],"wp:term":[{"taxonomy":"category","embeddable":true,"href":"http:\/\/staging.ibermusicas.org\/index.php\/wp-json\/wp\/v2\/categories?post=18511"},{"taxonomy":"post_tag","embeddable":true,"href":"http:\/\/staging.ibermusicas.org\/index.php\/wp-json\/wp\/v2\/tags?post=18511"}],"curies":[{"name":"wp","href":"https:\/\/api.w.org\/{rel}","templated":true}]}}