{"id":18513,"date":"2024-05-13T20:04:51","date_gmt":"2024-05-13T20:04:51","guid":{"rendered":"http:\/\/staging.ibermusicas.org\/?p=18513"},"modified":"2024-05-13T20:04:51","modified_gmt":"2024-05-13T20:04:51","slug":"el-compositor-colombiano-jhonnier-ochoa-inicia-su-residencia-compositiva-en-austria","status":"publish","type":"post","link":"http:\/\/staging.ibermusicas.org\/index.php\/el-compositor-colombiano-jhonnier-ochoa-inicia-su-residencia-compositiva-en-austria\/","title":{"rendered":"El compositor colombiano Jhonnier Ochoa inicia su residencia compositiva en Austria"},"content":{"rendered":"<p>El compositor colombiano Jhonnier Ochoa viajar\u00e1 a Viena, Austria entre el mes de mayo y junio con el fin de componer tres obras, una para cada uno de los ensambles dirigidos por el director colombiano Andr\u00e9s Garc\u00eda: L&#8217;Orfeo Viennese Orheseter, Wu Chor Wien y Neuer Madrigalchor. Las t\u00e9cnicas y m\u00e9todos empleados en la creaci\u00f3n de las obras se enriquecer\u00e1n mediante la aplicaci\u00f3n de elementos musicales provenientes de las m\u00fasicas tradicionales latinoamericanas. Dichos elementos ser\u00e1n considerados como aspectos generativos, estructurales o como parte fundamental del proceso compositivo.<\/p>\n<p>&nbsp;<\/p>\n<p>Los ensambles presentar\u00e1n estas obras en sus conciertos programados para 2024 y 2025.<\/p>\n<p>&nbsp;<\/p>\n<p>Jhonnier Ochoa es m\u00fasico compositor egresado de la Universidad EAFIT y Mag\u00edster en composici\u00f3n de la misma Universidad. Profesor de composici\u00f3n y teor\u00eda musical de la Universidad de Antioquia y la Universidad EAFIT. Como compositor ha realizado obras para formatos de c\u00e1mara, solistas, corales y orquesta sinf\u00f3nica.<\/p>\n<p>&nbsp;<\/p>\n<p>Jhonnier Ochoa ha sido ganador de la convocatoria 2023 de Iberm\u00fasicas en la modalidad de Ayudas a Compositores para Residencias Art\u00edsticas.<\/p>\n","protected":false},"excerpt":{"rendered":"<p>El compositor colombiano Jhonnier Ochoa viajar\u00e1 a Viena, Austria entre el mes de mayo y junio con el fin de componer tres obras, una para cada uno de los ensambles dirigidos por el director colombiano Andr\u00e9s Garc\u00eda: L&#8217;Orfeo Viennese Orheseter, Wu Chor Wien y Neuer Madrigalchor. Las t\u00e9cnicas y m\u00e9todos empleados en la creaci\u00f3n de [&hellip;]<\/p>\n","protected":false},"author":7,"featured_media":18514,"comment_status":"closed","ping_status":"closed","sticky":false,"template":"","format":"standard","meta":{"footnotes":""},"categories":[53],"tags":[],"class_list":["post-18513","post","type-post","status-publish","format-standard","has-post-thumbnail","hentry","category-noticias-generales"],"lang":"es","translations":{"es":18513,"pt":18516},"pll_sync_post":[],"post_mailing_queue_ids":[],"_links":{"self":[{"href":"http:\/\/staging.ibermusicas.org\/index.php\/wp-json\/wp\/v2\/posts\/18513","targetHints":{"allow":["GET"]}}],"collection":[{"href":"http:\/\/staging.ibermusicas.org\/index.php\/wp-json\/wp\/v2\/posts"}],"about":[{"href":"http:\/\/staging.ibermusicas.org\/index.php\/wp-json\/wp\/v2\/types\/post"}],"author":[{"embeddable":true,"href":"http:\/\/staging.ibermusicas.org\/index.php\/wp-json\/wp\/v2\/users\/7"}],"replies":[{"embeddable":true,"href":"http:\/\/staging.ibermusicas.org\/index.php\/wp-json\/wp\/v2\/comments?post=18513"}],"version-history":[{"count":1,"href":"http:\/\/staging.ibermusicas.org\/index.php\/wp-json\/wp\/v2\/posts\/18513\/revisions"}],"predecessor-version":[{"id":18515,"href":"http:\/\/staging.ibermusicas.org\/index.php\/wp-json\/wp\/v2\/posts\/18513\/revisions\/18515"}],"wp:featuredmedia":[{"embeddable":true,"href":"http:\/\/staging.ibermusicas.org\/index.php\/wp-json\/wp\/v2\/media\/18514"}],"wp:attachment":[{"href":"http:\/\/staging.ibermusicas.org\/index.php\/wp-json\/wp\/v2\/media?parent=18513"}],"wp:term":[{"taxonomy":"category","embeddable":true,"href":"http:\/\/staging.ibermusicas.org\/index.php\/wp-json\/wp\/v2\/categories?post=18513"},{"taxonomy":"post_tag","embeddable":true,"href":"http:\/\/staging.ibermusicas.org\/index.php\/wp-json\/wp\/v2\/tags?post=18513"}],"curies":[{"name":"wp","href":"https:\/\/api.w.org\/{rel}","templated":true}]}}