{"id":18516,"date":"2024-05-13T20:07:23","date_gmt":"2024-05-13T20:07:23","guid":{"rendered":"http:\/\/staging.ibermusicas.org\/?p=18516"},"modified":"2024-05-13T20:07:23","modified_gmt":"2024-05-13T20:07:23","slug":"el-compositor-colombiano-jhonnier-ochoa-inicia-su-residencia-compositiva-en-austria-2","status":"publish","type":"post","link":"http:\/\/staging.ibermusicas.org\/index.php\/el-compositor-colombiano-jhonnier-ochoa-inicia-su-residencia-compositiva-en-austria-2\/","title":{"rendered":"El compositor colombiano Jhonnier Ochoa inicia su residencia compositiva en Austria"},"content":{"rendered":"<p><strong>O compositor colombiano Jhonnier Ochoa inicia a sua resid\u00eancia de composi\u00e7\u00e3o na \u00c1ustria<\/strong><\/p>\n<p>&nbsp;<\/p>\n<p>&nbsp;<\/p>\n<p>O compositor colombiano Jhonnier Ochoa deslocar-se-\u00e1 a Viena, \u00c1ustria, entre maio e junho, para compor tr\u00eas obras, uma para cada um dos agrupamentos dirigidos pelo maestro colombiano Andr\u00e9s Garc\u00eda: L&#8217;Orfeo Viennese Orheseter, Wu Chor Wien e Neuer Madrigalchor. As t\u00e9cnicas e m\u00e9todos utilizados na cria\u00e7\u00e3o das obras ser\u00e3o enriquecidos pela aplica\u00e7\u00e3o de elementos musicais da m\u00fasica tradicional latino-americana. Estes elementos ser\u00e3o considerados como aspectos generativos, estruturais ou como parte fundamental do processo de composi\u00e7\u00e3o.<\/p>\n<p>&nbsp;<\/p>\n<p>Os conjuntos apresentar\u00e3o estas obras nos seus concertos previstos para 2024 e 2025.<\/p>\n<p>&nbsp;<\/p>\n<p>Jhonnier Ochoa \u00e9 m\u00fasico e compositor formado pela Universidade EAFIT e tem um mestrado em composi\u00e7\u00e3o pela mesma universidade. Professor de composi\u00e7\u00e3o e teoria musical na Universidad de Antioquia e na Universidad EAFIT. Como compositor, comp\u00f4s obras para orquestras de c\u00e2mara, solistas, corais e sinf\u00f3nicas.<\/p>\n<p>&nbsp;<\/p>\n<p>Jhonnier Ochoa foi o vencedor do concurso Iberm\u00fasicas 2023 na modalidade de Ajudas a Compositores para Resid\u00eancias Art\u00edsticas.<\/p>\n","protected":false},"excerpt":{"rendered":"<p>O compositor colombiano Jhonnier Ochoa inicia a sua resid\u00eancia de composi\u00e7\u00e3o na \u00c1ustria &nbsp; &nbsp; O compositor colombiano Jhonnier Ochoa deslocar-se-\u00e1 a Viena, \u00c1ustria, entre maio e junho, para compor tr\u00eas obras, uma para cada um dos agrupamentos dirigidos pelo maestro colombiano Andr\u00e9s Garc\u00eda: L&#8217;Orfeo Viennese Orheseter, Wu Chor Wien e Neuer Madrigalchor. As t\u00e9cnicas [&hellip;]<\/p>\n","protected":false},"author":7,"featured_media":18514,"comment_status":"closed","ping_status":"closed","sticky":false,"template":"","format":"standard","meta":{"footnotes":""},"categories":[218],"tags":[],"class_list":["post-18516","post","type-post","status-publish","format-standard","has-post-thumbnail","hentry","category-noticias-generales-pt"],"lang":"pt","translations":{"pt":18516,"es":18513},"pll_sync_post":[],"post_mailing_queue_ids":[],"_links":{"self":[{"href":"http:\/\/staging.ibermusicas.org\/index.php\/wp-json\/wp\/v2\/posts\/18516","targetHints":{"allow":["GET"]}}],"collection":[{"href":"http:\/\/staging.ibermusicas.org\/index.php\/wp-json\/wp\/v2\/posts"}],"about":[{"href":"http:\/\/staging.ibermusicas.org\/index.php\/wp-json\/wp\/v2\/types\/post"}],"author":[{"embeddable":true,"href":"http:\/\/staging.ibermusicas.org\/index.php\/wp-json\/wp\/v2\/users\/7"}],"replies":[{"embeddable":true,"href":"http:\/\/staging.ibermusicas.org\/index.php\/wp-json\/wp\/v2\/comments?post=18516"}],"version-history":[{"count":1,"href":"http:\/\/staging.ibermusicas.org\/index.php\/wp-json\/wp\/v2\/posts\/18516\/revisions"}],"predecessor-version":[{"id":18517,"href":"http:\/\/staging.ibermusicas.org\/index.php\/wp-json\/wp\/v2\/posts\/18516\/revisions\/18517"}],"wp:featuredmedia":[{"embeddable":true,"href":"http:\/\/staging.ibermusicas.org\/index.php\/wp-json\/wp\/v2\/media\/18514"}],"wp:attachment":[{"href":"http:\/\/staging.ibermusicas.org\/index.php\/wp-json\/wp\/v2\/media?parent=18516"}],"wp:term":[{"taxonomy":"category","embeddable":true,"href":"http:\/\/staging.ibermusicas.org\/index.php\/wp-json\/wp\/v2\/categories?post=18516"},{"taxonomy":"post_tag","embeddable":true,"href":"http:\/\/staging.ibermusicas.org\/index.php\/wp-json\/wp\/v2\/tags?post=18516"}],"curies":[{"name":"wp","href":"https:\/\/api.w.org\/{rel}","templated":true}]}}