{"id":18558,"date":"2024-05-21T16:40:10","date_gmt":"2024-05-21T16:40:10","guid":{"rendered":"http:\/\/staging.ibermusicas.org\/?p=18558"},"modified":"2024-08-28T18:17:47","modified_gmt":"2024-08-28T18:17:47","slug":"la-cplp-comunidad-de-paises-de-lengua-portuguesa-y-el-programa-ibermusicas-firmaron-el-dia-de-hoy-en-lisboa-un-acuerdo-de-cooperacion","status":"publish","type":"post","link":"http:\/\/staging.ibermusicas.org\/index.php\/la-cplp-comunidad-de-paises-de-lengua-portuguesa-y-el-programa-ibermusicas-firmaron-el-dia-de-hoy-en-lisboa-un-acuerdo-de-cooperacion\/","title":{"rendered":"La CPLP (Comunidad de Pa\u00edses de Lengua Portuguesa y el Programa Iberm\u00fasicas firmaron el d\u00eda de hoy en Lisboa un acuerdo de cooperaci\u00f3n"},"content":{"rendered":"<p><span style=\"font-weight: 400;\">El d\u00eda 21 de mayo, en el <\/span><span style=\"font-weight: 400;\">Pal\u00e1cio do Conde de Penafiel, Lisboa, sede central de la CPLP (Comunidade dos pa\u00edses de l\u00edngua portuguesa), en el marco de las actividades conmemorativas del 5 de mayo, D\u00eda Mundial de la Lengua Portuguesa, se llev\u00f3 a cabo el acto de firma del convenio entre el Programa Iberm\u00fasicas y la CPLP.<\/span><\/p>\n<p><span style=\"font-weight: 400;\">Participaron del acto <\/span><span style=\"font-weight: 400;\">Zacarias Albano da Costa, Secret\u00e1rio Executivo da CPLP; Eul\u00edcia Esteves, Presidenta del Programa Iberm\u00fasicas y Directora de M\u00fasica de FUNARTE, \u00f3rgano que representa a Brasil en el Programa y Am\u00e9rico Rodrigues, Director Geral das Artes de la\u00a0 DGARTES de Portugal.<\/span><\/p>\n<p><span style=\"font-weight: 400;\">Luego se dio lugar a una conferencia p\u00fablica entre Jo\u00e3o Ima-Panzo, Director de Acci\u00f3n Cultural y Lengua\u00a0 Portuguesa de la SECPLP, Eul\u00edcia Esteves, Am\u00e9rico Rodrigues y los artistas invitados: Miroca Paris de Cabo Verde e Karyna Gomes da Guinea-Bissau.<\/span><\/p>\n<p><span style=\"font-weight: 400;\">La artista invitada y el artista invitado, ambos ganadores de los concursos del Programa Iberm\u00fasicas, realizaron sendas presentaciones musicales en el marco del evento.<\/span><\/p>\n<p><span style=\"font-weight: 400;\">Esta colaboraci\u00f3n entre Iberm\u00fasicas y la CPLP marca el inicio de la creaci\u00f3n de muchas oportunidades nuevas\u00a0 para los m\u00fasicos de los pa\u00edses de habla portuguesa. La primera propuesta que surge de este acuerdo es una convocatoria de Iberm\u00fasicas especialmente destinada a artistas de los pa\u00edses de la CPLP.<\/span><\/p>\n<p><span style=\"font-weight: 400;\">M\u00fasica, cultura, lengua y cooperaci\u00f3n son conceptos que nos unen profundamente. El Programa Iberm\u00fasicas, a trav\u00e9s del Proyecto Especial conjunto entre la DGArtes (Direcci\u00f3n General de las Artes) del Ministerio de Cultura de Portugal, FUNARTE (Fundaci\u00f3n Nacional de las Artes) de Brasil y la CPLP (Comunidad de Pa\u00edses de Lengua Portuguesa), propone una convocatoria con el objetivo de resaltar los lazos de unidad que surgen de la diversidad musical de los pa\u00edses de lengua portuguesa.<\/span><\/p>\n<p><span style=\"font-weight: 400;\">El objetivo de esta propuesta es construir puentes de cultura y cooperaci\u00f3n entre Am\u00e9rica Latina, Europa, \u00c1frica y el Sudeste Asi\u00e1tico, d\u00e1ndole un car\u00e1cter multilateral y pluricontinental que reduzca las distancias f\u00edsicas entres los pa\u00edses que tienen a la lengua portuguesa como patrimonio de promoci\u00f3n cultural.<\/span><\/p>\n<p><span style=\"font-weight: 400;\">Artistas musicales, investigadores, compositores y otros agentes culturales vinculados a la m\u00fasica de Angola, Cabo Verde, Guinea-Bissau, Guinea Ecuatorial, Mozambique, Santo Tom\u00e9 y Pr\u00edncipe y Timor Oriental est\u00e1n invitados a participar con propuestas de cooperaci\u00f3n cultural en las categor\u00edas presentadas en las bases de la convocatoria.<\/span><\/p>\n","protected":false},"excerpt":{"rendered":"<p>El d\u00eda 21 de mayo, en el Pal\u00e1cio do Conde de Penafiel, Lisboa, sede central de la CPLP (Comunidade dos pa\u00edses de l\u00edngua portuguesa), en el marco de las actividades conmemorativas del 5 de mayo, D\u00eda Mundial de la Lengua Portuguesa, se llev\u00f3 a cabo el acto de firma del convenio entre el Programa Iberm\u00fasicas [&hellip;]<\/p>\n","protected":false},"author":7,"featured_media":18567,"comment_status":"closed","ping_status":"closed","sticky":false,"template":"","format":"standard","meta":{"footnotes":""},"categories":[53],"tags":[],"class_list":["post-18558","post","type-post","status-publish","format-standard","has-post-thumbnail","hentry","category-noticias-generales"],"lang":"es","translations":{"es":18558,"pt":18560},"pll_sync_post":[],"post_mailing_queue_ids":[],"_links":{"self":[{"href":"http:\/\/staging.ibermusicas.org\/index.php\/wp-json\/wp\/v2\/posts\/18558","targetHints":{"allow":["GET"]}}],"collection":[{"href":"http:\/\/staging.ibermusicas.org\/index.php\/wp-json\/wp\/v2\/posts"}],"about":[{"href":"http:\/\/staging.ibermusicas.org\/index.php\/wp-json\/wp\/v2\/types\/post"}],"author":[{"embeddable":true,"href":"http:\/\/staging.ibermusicas.org\/index.php\/wp-json\/wp\/v2\/users\/7"}],"replies":[{"embeddable":true,"href":"http:\/\/staging.ibermusicas.org\/index.php\/wp-json\/wp\/v2\/comments?post=18558"}],"version-history":[{"count":1,"href":"http:\/\/staging.ibermusicas.org\/index.php\/wp-json\/wp\/v2\/posts\/18558\/revisions"}],"predecessor-version":[{"id":18559,"href":"http:\/\/staging.ibermusicas.org\/index.php\/wp-json\/wp\/v2\/posts\/18558\/revisions\/18559"}],"wp:featuredmedia":[{"embeddable":true,"href":"http:\/\/staging.ibermusicas.org\/index.php\/wp-json\/wp\/v2\/media\/18567"}],"wp:attachment":[{"href":"http:\/\/staging.ibermusicas.org\/index.php\/wp-json\/wp\/v2\/media?parent=18558"}],"wp:term":[{"taxonomy":"category","embeddable":true,"href":"http:\/\/staging.ibermusicas.org\/index.php\/wp-json\/wp\/v2\/categories?post=18558"},{"taxonomy":"post_tag","embeddable":true,"href":"http:\/\/staging.ibermusicas.org\/index.php\/wp-json\/wp\/v2\/tags?post=18558"}],"curies":[{"name":"wp","href":"https:\/\/api.w.org\/{rel}","templated":true}]}}