{"id":18560,"date":"2024-05-21T16:42:51","date_gmt":"2024-05-21T16:42:51","guid":{"rendered":"http:\/\/staging.ibermusicas.org\/?p=18560"},"modified":"2024-08-28T18:17:06","modified_gmt":"2024-08-28T18:17:06","slug":"a-cplp-comunidade-dos-paises-de-lingua-portuguesa-e-o-programa-ibermusicas-assinaram-hoje-em-lisboa-um-acordo-de-cooperacao","status":"publish","type":"post","link":"http:\/\/staging.ibermusicas.org\/index.php\/a-cplp-comunidade-dos-paises-de-lingua-portuguesa-e-o-programa-ibermusicas-assinaram-hoje-em-lisboa-um-acordo-de-cooperacao\/","title":{"rendered":"A CPLP (Comunidade dos Pa\u00edses de L\u00edngua Portuguesa) e o Programa Iberm\u00fasicas assinaram hoje em Lisboa um acordo de coopera\u00e7\u00e3o"},"content":{"rendered":"<p><span style=\"font-weight: 400;\">No dia 21 de maio, no Pal\u00e1cio do Conde de Penafiel, em Lisboa, sede da CPLP (Comunidade dos pa\u00edses de l\u00edngua portuguesa), no marco <\/span><span style=\"font-weight: 400;\">das atividades comemorativas do 5 de maio, Dia Mundial da L\u00edngua Portuguesa, foi realizada <\/span><span style=\"font-weight: 400;\">a assinatura do acordo entre o Programa Iberm\u00fasicas e a CPLP.<\/span><\/p>\n<p><span style=\"font-weight: 400;\">Participaram do ato <\/span><span style=\"font-weight: 400;\">Zacarias Albano da Costa, Secret\u00e1rio Executivo da CPLP; Eul\u00ed<\/span><span style=\"font-weight: 400;\">cia Esteves, Presidenta do Programa Iberm\u00fasicas e Diretora de M\u00fasica da Funarte, \u00f3rg\u00e3o que representa o Brasil no Programa e Am\u00e9rico Rodrigues, Director<\/span><span style=\"font-weight: 400;\"> Geral das Artes pela DGARTES de Portugal.<\/span><\/p>\n<p><span style=\"font-weight: 400;\">Depois foi feita uma confer\u00eancia p\u00fablica entre Jo\u00e3o Ima-Panzo, Diretor de A\u00e7\u00e3o Cultural e L\u00edngua Portuguesa do SECPLP, Eul\u00edcia Esteves, Am\u00e9rico Rodrigues e os artistas convidados: Miroca Paris de Cabo Verde e Karyna Gomes da Guin\u00e9-Bissau.<\/span><\/p>\n<p><span style=\"font-weight: 400;\">O artista convidado e a artista convidada, ambos vencedores do Programa Iberm\u00fasicas, realizaram apresenta\u00e7\u00f5es musicais no marco do evento.\u00a0<\/span><\/p>\n<p><span style=\"font-weight: 400;\">Esta colabora\u00e7\u00e3o entre Iberm\u00fasicas e a CPLP marca o in\u00edcio da cria\u00e7\u00e3o de muitas oportunidades novas para os m\u00fasicos dos pa\u00edses de l\u00edngua portuguesa. A primeira proposta decorrente deste acordo \u00e9 uma convocat\u00f3ria do Iberm\u00fasicas para artistas dos pa\u00edses da CPLP.<\/span><\/p>\n<p><span style=\"font-weight: 400;\">M\u00fasica, cultura, l\u00edngua e coopera\u00e7\u00e3o s\u00e3o conceitos que nos unem profundamente. O Programa Iberm\u00fasicas, por meio do Projeto Especial conjunto entre a DGArtes (Dire\u00e7\u00e3o Geral das Artes) do Minist\u00e9rio da Cultura de Portugal, a FUNARTE (Funda\u00e7\u00e3o Nacional de Artes) do Brasil e a CPLP (Comunidade de Pa\u00edses de L\u00edngua Portuguesa), prop\u00f5e uma convocat\u00f3ria com o objetivo de destacar os la\u00e7os de uni\u00e3o que emergem da diversidade musical dos pa\u00edses de l\u00edngua oficial portuguesa.<\/span><\/p>\n<p><span style=\"font-weight: 400;\">O objetivo desta proposta \u00e9 construir pontes de cultura e coopera\u00e7\u00e3o entre a Am\u00e9rica Latina, a Europa, a \u00c1frica e<\/span> <span style=\"font-weight: 400;\">o Sudeste Asi\u00e1tico, conferindo-lhe um car\u00e1ter multilateral e pluricontinental que reduza as dist\u00e2ncias f\u00edsicas entre os pa\u00edses que t\u00eam a l\u00edngua portuguesa como patrim\u00f4nio cultural.<\/span><\/p>\n<p><span style=\"font-weight: 400;\">Artistas musicais, pesquisadores, compositores e outros agentes culturais ligados \u00e0 m\u00fasica de Angola, Cabo Verde, Guin\u00e9-Bissau, Guin\u00e9 Equatorial, Mo\u00e7ambique, S\u00e3o Tom\u00e9 e Pr\u00edncipe e Timor-Leste s\u00e3o convidados a participar com propostas de coopera\u00e7\u00e3o cultural nas categorias apresentadas nos termos e condi\u00e7\u00f5es da convocat\u00f3ria.<\/span><\/p>\n","protected":false},"excerpt":{"rendered":"<p>No dia 21 de maio, no Pal\u00e1cio do Conde de Penafiel, em Lisboa, sede da CPLP (Comunidade dos pa\u00edses de l\u00edngua portuguesa), no marco das atividades comemorativas do 5 de maio, Dia Mundial da L\u00edngua Portuguesa, foi realizada a assinatura do acordo entre o Programa Iberm\u00fasicas e a CPLP. Participaram do ato Zacarias Albano da [&hellip;]<\/p>\n","protected":false},"author":7,"featured_media":18568,"comment_status":"closed","ping_status":"closed","sticky":false,"template":"","format":"standard","meta":{"footnotes":""},"categories":[218],"tags":[],"class_list":["post-18560","post","type-post","status-publish","format-standard","has-post-thumbnail","hentry","category-noticias-generales-pt"],"lang":"pt","translations":{"pt":18560,"es":18558},"pll_sync_post":[],"post_mailing_queue_ids":[],"_links":{"self":[{"href":"http:\/\/staging.ibermusicas.org\/index.php\/wp-json\/wp\/v2\/posts\/18560","targetHints":{"allow":["GET"]}}],"collection":[{"href":"http:\/\/staging.ibermusicas.org\/index.php\/wp-json\/wp\/v2\/posts"}],"about":[{"href":"http:\/\/staging.ibermusicas.org\/index.php\/wp-json\/wp\/v2\/types\/post"}],"author":[{"embeddable":true,"href":"http:\/\/staging.ibermusicas.org\/index.php\/wp-json\/wp\/v2\/users\/7"}],"replies":[{"embeddable":true,"href":"http:\/\/staging.ibermusicas.org\/index.php\/wp-json\/wp\/v2\/comments?post=18560"}],"version-history":[{"count":1,"href":"http:\/\/staging.ibermusicas.org\/index.php\/wp-json\/wp\/v2\/posts\/18560\/revisions"}],"predecessor-version":[{"id":18561,"href":"http:\/\/staging.ibermusicas.org\/index.php\/wp-json\/wp\/v2\/posts\/18560\/revisions\/18561"}],"wp:featuredmedia":[{"embeddable":true,"href":"http:\/\/staging.ibermusicas.org\/index.php\/wp-json\/wp\/v2\/media\/18568"}],"wp:attachment":[{"href":"http:\/\/staging.ibermusicas.org\/index.php\/wp-json\/wp\/v2\/media?parent=18560"}],"wp:term":[{"taxonomy":"category","embeddable":true,"href":"http:\/\/staging.ibermusicas.org\/index.php\/wp-json\/wp\/v2\/categories?post=18560"},{"taxonomy":"post_tag","embeddable":true,"href":"http:\/\/staging.ibermusicas.org\/index.php\/wp-json\/wp\/v2\/tags?post=18560"}],"curies":[{"name":"wp","href":"https:\/\/api.w.org\/{rel}","templated":true}]}}