{"id":18629,"date":"2024-05-30T13:47:33","date_gmt":"2024-05-30T13:47:33","guid":{"rendered":"http:\/\/staging.ibermusicas.org\/?p=18629"},"modified":"2024-06-14T19:42:11","modified_gmt":"2024-06-14T19:42:11","slug":"ibermusicas-abre-sus-convocatorias-2024","status":"publish","type":"post","link":"http:\/\/staging.ibermusicas.org\/index.php\/ibermusicas-abre-sus-convocatorias-2024\/","title":{"rendered":"Iberm\u00fasicas abre sus Convocatorias"},"content":{"rendered":"<p>Con enorme alegr\u00eda, abrimos las convocatorias anuales del Programa Iberm\u00fasicas. \u00a1Este a\u00f1o con muchas novedades!<br \/>\nUn amplio abanico de convocatorias y concursos para dar impulso a la enorme cantidad de proyectos musicales que, a\u00f1o a a\u00f1o, atraviesan fronteras en busca de nuevos desaf\u00edos.<br \/>\nBuscamos dinamizar y fortalecer el sector musical mediante pol\u00edticas p\u00fablicas de apoyo, fomentar la creaci\u00f3n musical en todas sus formas, sin distinciones de estilos, g\u00e9neros y tradiciones, promover la profesionalizaci\u00f3n, accesibilidad y la inclusi\u00f3n y fundamentalmente, democratizar el acceso a la cultura.<\/p>\n<p>\u00a1Invitamos a las y los agentes del sector musical a presentar proyectos que puedan generar un impacto positivo en cualquier lugar del mundo!<\/p>\n<p>Las propuestas para este ciclo de convocatorias son:<\/p>\n<p>\u25cf <strong>Ayuda a la circulaci\u00f3n de profesionales de la m\u00fasica<\/strong><br \/>\nUna convocatoria pensada para llevar tu trabajo musical a cualquier lugar del mundo! Se pueden presentar proyectos que busquen la internacionalizaci\u00f3n tanto de espect\u00e1culos musicales como aquellos que promuevan los intercambios de creaci\u00f3n, de composici\u00f3n, de investigaci\u00f3n y de saberes. Teniendo en cuenta el alto costo de los pasajes internacionales, esta convocatoria est\u00e1 dise\u00f1ada con el fin de brindar ayudas econ\u00f3micas para la compra de pasajes a\u00e9reos, terrestres o fluviales.<\/p>\n<p>\u25cf <strong>Ayuda a la programaci\u00f3n musical<\/strong><br \/>\nUna convocatoria destinada a programadores de festivales, ferias y mercados de m\u00fasica, salas de conciertos, escuelas de m\u00fasica, orquestas o coros, entre otros eventos y emprendimientos, que quieran invitar a profesionales de m\u00fasica para participar de sus proyectos. As\u00ed, un festival o un corredor cultural de festivales de m\u00fasica, por ejemplo, podr\u00e1 presentar una propuesta para invitar a participar en su programaci\u00f3n a artistas de distintos pa\u00edses; un sello discogr\u00e1fico podr\u00e1 convocar a bookers para la presentaci\u00f3n de sus bandas; una orquesta o varias orquestas asociadas podr\u00e1n candidatearse para invitar a una directora; una asociaci\u00f3n de instrumentistas podr\u00e1 presentar una convocar a un\/a luthier para brindar capacitaciones; entre otras tantas posibilidades. Vale recordar que esta l\u00ednea es para cubrir los gastos de transporte (a\u00e9reo, terrestre o fluvial).<\/p>\n<p>\u25cf <strong>Ayuda a artistas e investigadores para residencias<\/strong><br \/>\nUna convocatoria abierta para desarrollar trabajos creativos o de investigaci\u00f3n junto a una instituci\u00f3n o grupo musical anfitri\u00f3n. En este sentido, esta convocatoria se abre no s\u00f3lo a compositores o grupos musicales sino tambi\u00e9n a investigadores, para realizar proyectos en cualquier parte del mundo. La duraci\u00f3n de las residencias deber\u00e1 contemplar un m\u00ednimo de tres semanas.<\/p>\n<p>\u25cf<strong> Ayuda a instituciones para residencias<\/strong><br \/>\nUna convocatoria para que instituciones -p\u00fablicas o privadas-, organismos o agrupaciones cuenten con la posibilidad de invitar a compositoras, compositores, directoras y directores o investigadoras e investigadores de todo el mundo a realizar trabajos de creaci\u00f3n o de investigaci\u00f3n en residencia durante un plazo m\u00ednimo de tres semanas.<\/p>\n<p>\u25cf <strong>Ayuda a la especializaci\u00f3n y el perfeccionamiento art\u00edstico y t\u00e9cnico<\/strong><br \/>\nUna convocatoria que brinda la oportunidad de realizar estudios avanzados en todos los \u00e1mbitos del saber y el quehacer musical en cualquier parte del mundo. Este proceso puede ser llevado a cabo tanto dentro del \u00e1mbito institucional como de forma particular con grandes maestras y maestros de la cultura popular. El apoyo financiero de Iberm\u00fasicas se puede aplicar a todos los costos propios de un proceso de especializaci\u00f3n.<\/p>\n<p>\u25cf <strong>Ayuda a proyectos virtuales<\/strong><br \/>\nPresentamos una convocatoria destinada a la realizaci\u00f3n de proyectos musicales que utilicen las herramientas virtuales como plataforma: grabaci\u00f3n de \u00e1lbumes, creaci\u00f3n de videoclips, shows en streaming, colaboraciones virtuales, video conferencias, talleres virtuales, podcasts y mucho m\u00e1s.<\/p>\n<p>\u25cf <strong>Ayuda a la promoci\u00f3n del repertorio iberoamericano<\/strong><br \/>\nUna nueva propuesta de Iberm\u00fasicas destinada a orquestas, coros, ensambles, entre otros para favorecer la programaci\u00f3n de m\u00fasica escrita creada por compositoras y compositores de Iberoam\u00e9rica. Las obras deber\u00e1n pertenecer al Cat\u00e1logo Iberoamericano de Partituras que se encuentra disponible en la web de Iberm\u00fasicas. Se trata de un cat\u00e1logo vivo al cual se le pueden incorporar obras nuevas de forma permanente y gratuita, lo que democratizar\u00e1 el acceso y la difusi\u00f3n de obras de la regi\u00f3n. La convocatoria es una invitaci\u00f3n a adentrarse en el enorme acervo de m\u00fasica escrita que refleja el gran caudal creativo de la regi\u00f3n iberoamericana.<\/p>\n<p>\u25cf <strong>Premio Iberm\u00fasicas de canci\u00f3n para las infancias<\/strong><br \/>\nEl ya cl\u00e1sico Concurso de Creaci\u00f3n de Canci\u00f3n en Colaboraci\u00f3n, en donde creadoras y creadores de la regi\u00f3n componen en dupla creativa, tendr\u00e1 este a\u00f1o un nuevo enfoque: se orientar\u00e1 especialmente hacia las canciones para las infancias, \u00e1mbito en el cual la canci\u00f3n iberoamericana tiene una gran relevancia. Entendiendo la infancia como el tiempo del descubrimiento, del deslumbre, de la sorpresa y la maravilla del mundo, Iberm\u00fasicas propone en este nuevo concurso la posibilidad de crear letras en todas las lenguas de los pa\u00edses iberoamericanos, invitando a explorar tambi\u00e9n las lenguas nativas.<\/p>\n<p>\u25cf <strong>Premio Iberm\u00fasicas de composici\u00f3n de obra coral<\/strong><br \/>\nIncentivando la creaci\u00f3n musical con absoluta libertad creativa, Iberm\u00fasicas propone una nueva edici\u00f3n de sus concursos de creaci\u00f3n de obra acad\u00e9mica, en este caso orientado espec\u00edficamente hacia la creaci\u00f3n de nuevas obras corales, las cuales ser\u00e1n estrenadas por elencos nacionales de primer nivel de Cuba y de Venezuela.<\/p>\n<p>\u25cf <strong>Convocatoria especial Iberm\u00fasicas \u2013 Mid Atlantic Arts<\/strong><br \/>\nEn busca de promover el di\u00e1logo intercultural entre artistas musicales de Iberoam\u00e9rica y de los Estados Unidos, se ofrece esta convocatoria en colaboraci\u00f3n entre Iberm\u00fasicas y Mid Atlantic Arts para prestar ayudas a la circulaci\u00f3n de artistas de Iberoam\u00e9rica en Estados Unidos. Conscientes de la incidencia que conlleva el costo y la tramitaci\u00f3n de las visas de trabajo en los proyectos que promueven la circulaci\u00f3n de artistas en Estados Unidos, Iberm\u00fasicas se aboca en la presente convocatoria a prestar asistencia espec\u00edficamente en este rubro. A su vez, Mid Atlantic Arts apoyar\u00e1 a los proyectos seleccionados a trav\u00e9s de la ayuda financiera a las instituciones anfitrionas de los conciertos para la gesti\u00f3n de los contratos art\u00edsticos.<\/p>\n<p>\u25cf <strong>Viajes por la m\u00fasica en lengua portuguesa<\/strong><br \/>\nPor primeira vez, proponemos una l\u00ednea de apoyo destinada a ciudadanas y ciudadanos de la Comunidad de Pa\u00edses de Lengua Portuguesa localizados en \u00c1frica (Angola, Cabo Verde, Guinea-Bissau, Guinea Ecuatorial, Mozambique, Santo Tom\u00e9 y Pr\u00edncipe) y en Asia (Timor Oriental). Por iniciativa de Brasil y de Portugal, la l\u00ednea de apoyo fue creada para facilitar la circulaci\u00f3n de artistas y agentes musicales de estos pa\u00edses por la regi\u00f3n Iberoamericana. Una convocatoria que tiene por objetivo resaltar los lazos que surgen de la diversidad musical de los pa\u00edses de lengua oficial portuguesa, a fin de construir puentes de cultura y cooperaci\u00f3n entre Am\u00e9rica Latina, Europa, \u00c1frica y el Sudeste Asi\u00e1tico. De car\u00e1cter multilateral y pluricontinental, esta iniciativa propone reducir las distancias f\u00edsicas y acercar a sus pueblos.<\/p>\n<p>\u25cf <strong>Premio Brasil &#8211; Iberm\u00fasicas<\/strong><br \/>\nCon el \u00e1nimo de reconocer el m\u00e9rito de iniciativas o espacios que se vienen dedicando, a lo largo de los a\u00f1os, a la difusi\u00f3n de la m\u00fasica brasile\u00f1a en el espacio iberoamericano y en todo el mundo, se propone esta convocatoria, especialmente creada por Brasil.<\/p>\n<p>\u25cf <strong>Premio Per\u00fa &#8211; Iberm\u00fasicas, 100 a\u00f1os del nacimiento de Nicomedes Santa Cruz &#8211; Creaci\u00f3n de canci\u00f3n en d\u00e9cimas<\/strong><br \/>\nConmemorando los cien a\u00f1os del nacimiento de uno de los mayores artistas peruanos de la historia y celebrando su vasta obra y su legado inmortal como folclorista y pensador que impuls\u00f3 la reivindicaci\u00f3n de la cultura y los derechos de la comunidad afroperuana, desde Per\u00fa se propone este concurso que premiar\u00e1 la creaci\u00f3n de una canci\u00f3n inspirada en su obra musical, que ser\u00e1 estrenada en el marco de las conmemoraciones.<\/p>\n<p>* * *<br \/>\nA partir del 1ero de junio estar\u00e1n disponibles las bases de todos los concursos en la web de Iberm\u00fasicas. El per\u00edodo de aplicaci\u00f3n se abrir\u00e1 a partir del 15 de junio. <strong>Las convocatorias permanecer\u00e1n abiertas hasta el d\u00eda 1ero de octubre, excepto por la convocatoria en sinergia Iberm\u00fasicas-Mid Atlantic Arts cuyo per\u00edodo de inscripci\u00f3n finaliza el 15 de septiembre. Los proyectos seleccionados ser\u00e1n anunciados el d\u00eda 29 de noviembre.<br \/>\n<\/strong><br \/>\nBienvenidas y bienvenidos a una nueva edici\u00f3n de las convocatorias y concursos de Iberm\u00fasicas, que se abren a nuevas propuestas y nuevos desaf\u00edos para que el mundo suene mejor.<\/p>\n","protected":false},"excerpt":{"rendered":"<p>Con enorme alegr\u00eda, abrimos las convocatorias anuales del Programa Iberm\u00fasicas. \u00a1Este a\u00f1o con muchas novedades! Un amplio abanico de convocatorias y concursos para dar impulso a la enorme cantidad de proyectos musicales que, a\u00f1o a a\u00f1o, atraviesan fronteras en busca de nuevos desaf\u00edos. Buscamos dinamizar y fortalecer el sector musical mediante pol\u00edticas p\u00fablicas de apoyo, [&hellip;]<\/p>\n","protected":false},"author":7,"featured_media":18753,"comment_status":"closed","ping_status":"closed","sticky":false,"template":"","format":"standard","meta":{"footnotes":""},"categories":[53],"tags":[],"class_list":["post-18629","post","type-post","status-publish","format-standard","has-post-thumbnail","hentry","category-noticias-generales"],"lang":"es","translations":{"es":18629},"pll_sync_post":[],"post_mailing_queue_ids":[],"_links":{"self":[{"href":"http:\/\/staging.ibermusicas.org\/index.php\/wp-json\/wp\/v2\/posts\/18629","targetHints":{"allow":["GET"]}}],"collection":[{"href":"http:\/\/staging.ibermusicas.org\/index.php\/wp-json\/wp\/v2\/posts"}],"about":[{"href":"http:\/\/staging.ibermusicas.org\/index.php\/wp-json\/wp\/v2\/types\/post"}],"author":[{"embeddable":true,"href":"http:\/\/staging.ibermusicas.org\/index.php\/wp-json\/wp\/v2\/users\/7"}],"replies":[{"embeddable":true,"href":"http:\/\/staging.ibermusicas.org\/index.php\/wp-json\/wp\/v2\/comments?post=18629"}],"version-history":[{"count":5,"href":"http:\/\/staging.ibermusicas.org\/index.php\/wp-json\/wp\/v2\/posts\/18629\/revisions"}],"predecessor-version":[{"id":18760,"href":"http:\/\/staging.ibermusicas.org\/index.php\/wp-json\/wp\/v2\/posts\/18629\/revisions\/18760"}],"wp:featuredmedia":[{"embeddable":true,"href":"http:\/\/staging.ibermusicas.org\/index.php\/wp-json\/wp\/v2\/media\/18753"}],"wp:attachment":[{"href":"http:\/\/staging.ibermusicas.org\/index.php\/wp-json\/wp\/v2\/media?parent=18629"}],"wp:term":[{"taxonomy":"category","embeddable":true,"href":"http:\/\/staging.ibermusicas.org\/index.php\/wp-json\/wp\/v2\/categories?post=18629"},{"taxonomy":"post_tag","embeddable":true,"href":"http:\/\/staging.ibermusicas.org\/index.php\/wp-json\/wp\/v2\/tags?post=18629"}],"curies":[{"name":"wp","href":"https:\/\/api.w.org\/{rel}","templated":true}]}}