{"id":18807,"date":"2024-06-03T17:16:10","date_gmt":"2024-06-03T17:16:10","guid":{"rendered":"http:\/\/staging.ibermusicas.org\/?p=18807"},"modified":"2024-06-27T13:16:36","modified_gmt":"2024-06-27T13:16:36","slug":"melani-luraschi-presenta-el-album-creado-en-su-residencia-en-cerro-colorado-argentina","status":"publish","type":"post","link":"http:\/\/staging.ibermusicas.org\/index.php\/melani-luraschi-presenta-el-album-creado-en-su-residencia-en-cerro-colorado-argentina\/","title":{"rendered":"Melan\u00ed Luraschi presenta el \u00e1lbum creado en su residencia en Cerro Colorado, Argentina"},"content":{"rendered":"<p>\u2018\u2019Je suis Nenette\u2019\u2019, es un \u00e1lbum creado entre febrero y marzo de 2024 por la cantante y compositora Melan\u00ed Luraschi en una residencia de creaci\u00f3n e investigaci\u00f3n realizada con el apoyo de Iberm\u00fasicas en la Casa Museo Atahualpa Yupanqui (Cerro Colorado, C\u00f3rdoba). Este \u00e1lbum tiene como objetivo resignificar y revalorizar la figura de la pianista y compositora francesa Nenette o Pablo del Cerro (seud\u00f3nimo que utilizaba para firmar en las canciones que compuso junto a su marido, Atahualpa Yupanqui).<\/p>\n<p>&nbsp;<\/p>\n<p>Las ocho canciones del \u00e1lbum fueron escritas, compuestas y grabadas en cada d\u00eda durante ocho d\u00edas en el marco de la residencia realizada por Melan\u00ed Luraschi con el apoyo de Iberm\u00fasicas en Cerro Colorado.<\/p>\n<p>&nbsp;<\/p>\n<p>Melan\u00ed Luraschi es cantante, compositora, productora y poeta oriunda de Maldonado, Uruguay. Sus canciones de ra\u00edz rioplatense y latina, son a veces m\u00e1s jazzeras, otras m\u00e1s pop. Le canta a la potencialidad de los cuerpos, a la paradoja de las fronteras, inspirada por las mil formas de los v\u00ednculos humanos y la inmensidad de la naturaleza escribe y canta en castellano, portugu\u00e9s y franc\u00e9s. Actualmente reside en Par\u00eds, por estudios musicales.<\/p>\n<p>&nbsp;<\/p>\n<p>Ha editado dos \u00e1lbumes con temas propios, un EP junto a Eduardo Larbanois, y tres singles entre los cuales comparte con Julieta Rada y Lisandro Aristimu\u00f1o (Arg).<\/p>\n<p>&nbsp;<\/p>\n<p>Ha cantado en ciudades de Argentina, Brasil, Chile, Ecuador, Per\u00fa, Espa\u00f1a, Italia, Portugal, Austria y Francia. En el a\u00f1o 2021 fue seleccionada para participar de una beca de producci\u00f3n musical en Bolonia, Italia.<\/p>\n<p>&nbsp;<\/p>\n<p>En el a\u00f1o 2022 la canci\u00f3n de su autor\u00eda \u00bbProfundo\u00bb fue seleccionada como parte del soundtrack de la serie de Amazon Prime Video \u00bbEl fin del amor\u00bb protagonizada por Lali Esposito.<\/p>\n<p>&nbsp;<\/p>\n<p>Paralelo a la m\u00fasica es coordinadora y creadora desde el a\u00f1o 2012 de un espacio vinculado a las artes esc\u00e9nicas \u00bbCamino de las aguas\u00bb en la ciudad de Maldonado, Uruguay donde de forma ininterrumpida se realizan talleres para ni\u00f1os.<\/p>\n<p>&nbsp;<\/p>\n<p><a href=\"https:\/\/hypeddit.com\/dzy2j3\">https:\/\/hypeddit.com\/dzy2j3<\/a><\/p>\n","protected":false},"excerpt":{"rendered":"<p>\u2018\u2019Je suis Nenette\u2019\u2019, es un \u00e1lbum creado entre febrero y marzo de 2024 por la cantante y compositora Melan\u00ed Luraschi en una residencia de creaci\u00f3n e investigaci\u00f3n realizada con el apoyo de Iberm\u00fasicas en la Casa Museo Atahualpa Yupanqui (Cerro Colorado, C\u00f3rdoba). Este \u00e1lbum tiene como objetivo resignificar y revalorizar la figura de la pianista [&hellip;]<\/p>\n","protected":false},"author":7,"featured_media":18808,"comment_status":"closed","ping_status":"closed","sticky":false,"template":"","format":"standard","meta":{"footnotes":""},"categories":[53],"tags":[],"class_list":["post-18807","post","type-post","status-publish","format-standard","has-post-thumbnail","hentry","category-noticias-generales"],"lang":"es","translations":{"es":18807,"pt":18810},"pll_sync_post":[],"post_mailing_queue_ids":[],"_links":{"self":[{"href":"http:\/\/staging.ibermusicas.org\/index.php\/wp-json\/wp\/v2\/posts\/18807","targetHints":{"allow":["GET"]}}],"collection":[{"href":"http:\/\/staging.ibermusicas.org\/index.php\/wp-json\/wp\/v2\/posts"}],"about":[{"href":"http:\/\/staging.ibermusicas.org\/index.php\/wp-json\/wp\/v2\/types\/post"}],"author":[{"embeddable":true,"href":"http:\/\/staging.ibermusicas.org\/index.php\/wp-json\/wp\/v2\/users\/7"}],"replies":[{"embeddable":true,"href":"http:\/\/staging.ibermusicas.org\/index.php\/wp-json\/wp\/v2\/comments?post=18807"}],"version-history":[{"count":1,"href":"http:\/\/staging.ibermusicas.org\/index.php\/wp-json\/wp\/v2\/posts\/18807\/revisions"}],"predecessor-version":[{"id":18809,"href":"http:\/\/staging.ibermusicas.org\/index.php\/wp-json\/wp\/v2\/posts\/18807\/revisions\/18809"}],"wp:featuredmedia":[{"embeddable":true,"href":"http:\/\/staging.ibermusicas.org\/index.php\/wp-json\/wp\/v2\/media\/18808"}],"wp:attachment":[{"href":"http:\/\/staging.ibermusicas.org\/index.php\/wp-json\/wp\/v2\/media?parent=18807"}],"wp:term":[{"taxonomy":"category","embeddable":true,"href":"http:\/\/staging.ibermusicas.org\/index.php\/wp-json\/wp\/v2\/categories?post=18807"},{"taxonomy":"post_tag","embeddable":true,"href":"http:\/\/staging.ibermusicas.org\/index.php\/wp-json\/wp\/v2\/tags?post=18807"}],"curies":[{"name":"wp","href":"https:\/\/api.w.org\/{rel}","templated":true}]}}