{"id":18810,"date":"2024-06-03T17:17:25","date_gmt":"2024-06-03T17:17:25","guid":{"rendered":"http:\/\/staging.ibermusicas.org\/?p=18810"},"modified":"2024-06-27T13:29:38","modified_gmt":"2024-06-27T13:29:38","slug":"melani-luraschi-apresenta-o-album-criados-na-sua-residencia-em-cerro-colorado-argentina","status":"publish","type":"post","link":"http:\/\/staging.ibermusicas.org\/index.php\/melani-luraschi-apresenta-o-album-criados-na-sua-residencia-em-cerro-colorado-argentina\/","title":{"rendered":"Melan\u00ed Luraschi apresenta o \u00e1lbum criados na sua\u00a0 resid\u00eancia em Cerro Colorado, Argentina"},"content":{"rendered":"<p>\u201cJe suis Nenette\u201c, \u00e9 um \u00e1lbum criado entre fevereiro e mar\u00e7o de 2024 pela cantora e compositora Melan\u00ed Luraschi numa resid\u00eancia de cria\u00e7\u00e3o e pesquisa realizada com o apoio do Programa Iberm\u00fasicas na Casa Museo Atahualpa Yupanqui (Cerro Colorado, C\u00f3rdoba). Este \u00e1lbum tem como objetivo redefinir e revalorizar a figura da pianista e compositora francesa Nenette ou Pablo del Cerro (pseud\u00f3nimo que utilizou para assinar as can\u00e7\u00f5es que comp\u00f4s com o seu marido, Atahualpa Yupanqui).<\/p>\n<p>&nbsp;<\/p>\n<p>As oito can\u00e7\u00f5es do \u00e1lbum foram escritas, compostas e gravadas todos os dias durante oito dias no \u00e2mbito da resid\u00eancia de Melan\u00ed Luraschi com o apoio do Iberm\u00fasicas no Cerro Colorado.<\/p>\n<p>&nbsp;<\/p>\n<p>Melan\u00ed Luraschi \u00e9 uma cantora, compositora, produtora e poeta de Maldonado, Uruguai. As suas can\u00e7\u00f5es, com ra\u00edzes no Rio da Prata e na m\u00fasica latina, s\u00e3o por vezes mais jazz\u00edsticas, por vezes mais pop. Canta o potencial dos corpos, o paradoxo das fronteiras, inspirada nas mil formas de la\u00e7os humanos e na imensid\u00e3o da natureza, escreve e canta em espanhol, portugu\u00eas e franc\u00eas. Atualmente vive em Paris para estudos musicais.<\/p>\n<p>&nbsp;<\/p>\n<p>Lan\u00e7ou dois \u00e1lbuns com can\u00e7\u00f5es pr\u00f3prias, um EP com Eduardo Larbanois, e tr\u00eas singles, entre os quais partilha com Julieta Rada e Lisandro Aristimu\u00f1o (Arg).<\/p>\n<p>&nbsp;<\/p>\n<p>J\u00e1 cantou em cidades da Argentina, Brasil, Chile, Equador, Peru, Espanha, It\u00e1lia, Portugal, \u00c1ustria e Fran\u00e7a. Em 2021 foi selecionada para participar de uma bolsa de produ\u00e7\u00e3o musical em Bolonha, It\u00e1lia.<\/p>\n<p>&nbsp;<\/p>\n<p>Em 2022 a sua can\u00e7\u00e3o \u00bbProfundo\u00bb foi selecionada como parte da banda sonora da s\u00e9rie Amazon Prime Video \u00bbEl fin del amor\u00bb protagonizada por Lali Esposito.<\/p>\n<p>&nbsp;<\/p>\n<p>Paralelamente \u00e0 m\u00fasica, \u00e9 coordenadora e criadora desde 2012 de um espa\u00e7o ligado \u00e0s artes c\u00e9nicas \u00bbCamino de las aguas\u00bb na cidade de Maldonado, Uruguai, onde se realizam continuamente oficinas para crian\u00e7as.<\/p>\n<p>&nbsp;<\/p>\n<p><a href=\"https:\/\/hypeddit.com\/dzy2j3\">https:\/\/hypeddit.com\/dzy2j3<\/a><\/p>\n","protected":false},"excerpt":{"rendered":"<p>\u201cJe suis Nenette\u201c, \u00e9 um \u00e1lbum criado entre fevereiro e mar\u00e7o de 2024 pela cantora e compositora Melan\u00ed Luraschi numa resid\u00eancia de cria\u00e7\u00e3o e pesquisa realizada com o apoio do Programa Iberm\u00fasicas na Casa Museo Atahualpa Yupanqui (Cerro Colorado, C\u00f3rdoba). Este \u00e1lbum tem como objetivo redefinir e revalorizar a figura da pianista e compositora francesa [&hellip;]<\/p>\n","protected":false},"author":7,"featured_media":18808,"comment_status":"closed","ping_status":"closed","sticky":false,"template":"","format":"standard","meta":{"footnotes":""},"categories":[218],"tags":[],"class_list":["post-18810","post","type-post","status-publish","format-standard","has-post-thumbnail","hentry","category-noticias-generales-pt"],"lang":"pt","translations":{"pt":18810,"es":18807},"pll_sync_post":[],"post_mailing_queue_ids":[],"_links":{"self":[{"href":"http:\/\/staging.ibermusicas.org\/index.php\/wp-json\/wp\/v2\/posts\/18810","targetHints":{"allow":["GET"]}}],"collection":[{"href":"http:\/\/staging.ibermusicas.org\/index.php\/wp-json\/wp\/v2\/posts"}],"about":[{"href":"http:\/\/staging.ibermusicas.org\/index.php\/wp-json\/wp\/v2\/types\/post"}],"author":[{"embeddable":true,"href":"http:\/\/staging.ibermusicas.org\/index.php\/wp-json\/wp\/v2\/users\/7"}],"replies":[{"embeddable":true,"href":"http:\/\/staging.ibermusicas.org\/index.php\/wp-json\/wp\/v2\/comments?post=18810"}],"version-history":[{"count":1,"href":"http:\/\/staging.ibermusicas.org\/index.php\/wp-json\/wp\/v2\/posts\/18810\/revisions"}],"predecessor-version":[{"id":18811,"href":"http:\/\/staging.ibermusicas.org\/index.php\/wp-json\/wp\/v2\/posts\/18810\/revisions\/18811"}],"wp:featuredmedia":[{"embeddable":true,"href":"http:\/\/staging.ibermusicas.org\/index.php\/wp-json\/wp\/v2\/media\/18808"}],"wp:attachment":[{"href":"http:\/\/staging.ibermusicas.org\/index.php\/wp-json\/wp\/v2\/media?parent=18810"}],"wp:term":[{"taxonomy":"category","embeddable":true,"href":"http:\/\/staging.ibermusicas.org\/index.php\/wp-json\/wp\/v2\/categories?post=18810"},{"taxonomy":"post_tag","embeddable":true,"href":"http:\/\/staging.ibermusicas.org\/index.php\/wp-json\/wp\/v2\/tags?post=18810"}],"curies":[{"name":"wp","href":"https:\/\/api.w.org\/{rel}","templated":true}]}}