{"id":18815,"date":"2024-06-03T17:21:07","date_gmt":"2024-06-03T17:21:07","guid":{"rendered":"http:\/\/staging.ibermusicas.org\/?p=18815"},"modified":"2024-06-03T17:21:07","modified_gmt":"2024-06-03T17:21:07","slug":"nadia-campos-e-guilherme-melo-levam-as-musicas-do-brasil-profundo-para-espanha-e-portugal","status":"publish","type":"post","link":"http:\/\/staging.ibermusicas.org\/index.php\/nadia-campos-e-guilherme-melo-levam-as-musicas-do-brasil-profundo-para-espanha-e-portugal\/","title":{"rendered":"N\u00e1dia Campos e Guilherme Melo levam as m\u00fasicas do Brasil profundo para Espanha e Portugal"},"content":{"rendered":"<p>O projeto Brasil Profundo em Ritmos, Tradi\u00e7\u00f5es e Can\u00e7\u00f5es \u00e9 uma iniciativa da musicista, arte educadora e pesquisadora em cultura popular N\u00e1dia Campos, que visa divulgar parte da m\u00fasica brasileira produzida nos sert\u00f5es, nos rinc\u00f5es que n\u00e3o s\u00e3o muito conhecidas no exterior e est\u00e3o fora dos circuitos midi\u00e1ticos convencionais.<\/p>\n<p>&nbsp;<\/p>\n<p>O projeto consiste em um concerto e uma oficina com m\u00fasicas e ritmos do cancioneiro popular tradicional brasileiro, que ser\u00e3o realizados na Casa da Am\u00e9rica Latina, em Lisboa, Portugal.<\/p>\n<p>&nbsp;<\/p>\n<p>O projeto se divide em duas atividades principais:<\/p>\n<p>&nbsp;<\/p>\n<ul>\n<li>Concerto: N\u00e1dia Campos interpreta can\u00e7\u00f5es tradicionais dos diversos ritmos e tradi\u00e7\u00f5es do Brasil, como bumba-meu-boi, congada, folia de reis, coco, repentes, modas de viola caipira, cururu, siriri, jongo, catop\u00eas, marujadas e batuques. Al\u00e9m disso, apresenta um repert\u00f3rio da m\u00fasica conhecida no interior do pa\u00eds como m\u00fasica de cantoria, que envolve a improvisa\u00e7\u00e3o de versos em forma de desafio ou louva\u00e7\u00e3o. O concerto conta com a proje\u00e7\u00e3o de imagens relacionadas \u00e0s tradi\u00e7\u00f5es e ritmos apresentados, e com a participa\u00e7\u00e3o do violonista, multi-instrumentista e diretor musical Guilherme Melo, que acompanha N\u00e1dia em diversos instrumentos e voz.<\/li>\n<\/ul>\n<p>&nbsp;<\/p>\n<ul>\n<li>Oficina: N\u00e1dia Campos e Guilherme Melo compartilham com o p\u00fablico um pouco das hist\u00f3rias, dos contextos e das caracter\u00edsticas das tradi\u00e7\u00f5es e ritmos que comp\u00f5em o projeto, exibindo imagens, v\u00eddeos e fazendo demonstra\u00e7\u00f5es pr\u00e1ticas com a voz, a percuss\u00e3o corporal e a dan\u00e7a. A oficina tem como prop\u00f3sito estimular a aprecia\u00e7\u00e3o, a reflex\u00e3o e a viv\u00eancia da cultura popular brasileira, al\u00e9m de incentivar a criatividade, a express\u00e3o e a intera\u00e7\u00e3o dos participantes.<\/li>\n<\/ul>\n<p>&nbsp;<\/p>\n<p>N\u00e1dia Campos \u00e9 cantadeira, multi-instrumentista, compositora, pesquisadora, educadora e produtora. Sua voz n\u00e3o tem fronteiras. Caminha aprendendo e soltando trovas de muitas partes. Nasceu em Belo Horizonte, Minas Gerais. O amor pelas coisas simples lhe conduziu pelas ra\u00edzes brasileiras e latinas. Percorreu diversos rinc\u00f5es pesquisando ritmos, cantos e tradi\u00e7\u00f5es. Se apresenta em diversos espa\u00e7os e encontros de m\u00fasica e cultura popular no Brasil e no exterior. Tem tr\u00eas discos gravados \u201cPorque Cantamos\u201d, \u201cCantigas de Beira Rio\u201d e \u201cLuz Peregrina\u201d.<\/p>\n<p>&nbsp;<\/p>\n<p>Guilherme Melo \u00e9 multi-instrumentista, compositor e produtor audiovisual. J\u00e1 trabalhou como arranjador, diretor musical, trilhas para teatro, grava\u00e7\u00f5es e espet\u00e1culos. Como violonista se apresentou em diversas partes do Brasil e do exterior. Sua produ\u00e7\u00e3o est\u00e1\u00a0 intimamente relacionada com a m\u00fasica e a cultura e educa\u00e7\u00e3o popular.<\/p>\n<p>&nbsp;<\/p>\n<p>O projeto Brasil Profundo foi premiado pelo Iberm\u00fasicas atrav\u00e9s do seu concurso \u00bb Ajudas ao Sector Musical para a Circula\u00e7\u00e3o\u00bb, chamada 2023.<\/p>\n<ul>\n<li>24-25 de maio, Ferrol, Galiza, Espanha<\/li>\n<li>26 e 29 de maio, Serra do Courel, Galiza, Espanha<\/li>\n<li>2, 6 e 7 de junho, Barcelona, Espanha<\/li>\n<li>8 de junho, Sarago\u00e7a, Espanha<\/li>\n<li>15 de junho, Bugarach, Espanha<\/li>\n<li>21 de junho, Casa da Am\u00e9rica Latina em Lisboa, Portugal<\/li>\n<li>22 de junho, Porto, Portugal<\/li>\n<\/ul>\n<p>&nbsp;<\/p>\n","protected":false},"excerpt":{"rendered":"<p>O projeto Brasil Profundo em Ritmos, Tradi\u00e7\u00f5es e Can\u00e7\u00f5es \u00e9 uma iniciativa da musicista, arte educadora e pesquisadora em cultura popular N\u00e1dia Campos, que visa divulgar parte da m\u00fasica brasileira produzida nos sert\u00f5es, nos rinc\u00f5es que n\u00e3o s\u00e3o muito conhecidas no exterior e est\u00e3o fora dos circuitos midi\u00e1ticos convencionais. &nbsp; O projeto consiste em um [&hellip;]<\/p>\n","protected":false},"author":7,"featured_media":18813,"comment_status":"closed","ping_status":"closed","sticky":false,"template":"","format":"standard","meta":{"footnotes":""},"categories":[218],"tags":[],"class_list":["post-18815","post","type-post","status-publish","format-standard","has-post-thumbnail","hentry","category-noticias-generales-pt"],"lang":"pt","translations":{"pt":18815,"es":18812},"pll_sync_post":[],"post_mailing_queue_ids":[],"_links":{"self":[{"href":"http:\/\/staging.ibermusicas.org\/index.php\/wp-json\/wp\/v2\/posts\/18815","targetHints":{"allow":["GET"]}}],"collection":[{"href":"http:\/\/staging.ibermusicas.org\/index.php\/wp-json\/wp\/v2\/posts"}],"about":[{"href":"http:\/\/staging.ibermusicas.org\/index.php\/wp-json\/wp\/v2\/types\/post"}],"author":[{"embeddable":true,"href":"http:\/\/staging.ibermusicas.org\/index.php\/wp-json\/wp\/v2\/users\/7"}],"replies":[{"embeddable":true,"href":"http:\/\/staging.ibermusicas.org\/index.php\/wp-json\/wp\/v2\/comments?post=18815"}],"version-history":[{"count":1,"href":"http:\/\/staging.ibermusicas.org\/index.php\/wp-json\/wp\/v2\/posts\/18815\/revisions"}],"predecessor-version":[{"id":18816,"href":"http:\/\/staging.ibermusicas.org\/index.php\/wp-json\/wp\/v2\/posts\/18815\/revisions\/18816"}],"wp:featuredmedia":[{"embeddable":true,"href":"http:\/\/staging.ibermusicas.org\/index.php\/wp-json\/wp\/v2\/media\/18813"}],"wp:attachment":[{"href":"http:\/\/staging.ibermusicas.org\/index.php\/wp-json\/wp\/v2\/media?parent=18815"}],"wp:term":[{"taxonomy":"category","embeddable":true,"href":"http:\/\/staging.ibermusicas.org\/index.php\/wp-json\/wp\/v2\/categories?post=18815"},{"taxonomy":"post_tag","embeddable":true,"href":"http:\/\/staging.ibermusicas.org\/index.php\/wp-json\/wp\/v2\/tags?post=18815"}],"curies":[{"name":"wp","href":"https:\/\/api.w.org\/{rel}","templated":true}]}}