{"id":18817,"date":"2024-06-03T17:22:30","date_gmt":"2024-06-03T17:22:30","guid":{"rendered":"http:\/\/staging.ibermusicas.org\/?p=18817"},"modified":"2024-06-03T17:22:30","modified_gmt":"2024-06-03T17:22:30","slug":"la-4a-edicion-del-festival-lingua-terra-esta-a-punto-de-comenzar-en-setubal-portugal","status":"publish","type":"post","link":"http:\/\/staging.ibermusicas.org\/index.php\/la-4a-edicion-del-festival-lingua-terra-esta-a-punto-de-comenzar-en-setubal-portugal\/","title":{"rendered":"La 4\u00aa edici\u00f3n del Festival L\u00edngua Terra est\u00e1 a punto de comenzar en Set\u00fabal, Portugal"},"content":{"rendered":"<p>El Festival L\u00edngua Terra pretende celebrar la riqueza de la lengua portuguesa y fomentar las conexiones y los intercambios culturales a trav\u00e9s de un variado programa repleto de conciertos musicales, exposiciones y cine. El objetivo del evento es presentar la diversidad cultural (y de artistas) de la lengua portuguesa y celebrar el idioma como s\u00edmbolo de unidad entre los pueblos.<\/p>\n<p><strong>\u00a0<\/strong><\/p>\n<p>Los artistas invitados son un s\u00edmbolo de la diversidad cultural y ling\u00fc\u00edstica unidos por la lengua portuguesa. El festival es una plataforma para crear conexiones po\u00e9ticas y est\u00e9ticas entre \u00c1frica, Europa y Am\u00e9rica Latina. El proyecto pretende romper fronteras f\u00edsicas y simb\u00f3licas, rescatando conexiones ancestrales y promoviendo reflexiones sobre la diversidad cultural.<\/p>\n<p>&nbsp;<\/p>\n<p>El festival L\u00edngua Terra ha sido ganador de las convocatorias 2023 de Iberm\u00fasicas en el rubro de Ayudas al sector musical para la programaci\u00f3n iberoamericana.<\/p>\n<p><strong>\u00a0<\/strong><\/p>\n<p><strong>\u00a0<\/strong><\/p>\n<p>s\u00e1bado 1 de junio 21h30<\/p>\n<ul>\n<li>Mart&#8217;nalia + Moska (Brasil)<\/li>\n<\/ul>\n<p><strong>\u00a0<\/strong><\/p>\n<p>viernes 7 junio 21h30<\/p>\n<ul>\n<li>Karyna Gomes invita a Princezito, Renma y Prod\u00edgio (Guinea-Bissau \/ Cabo Verde \/ Angola)<\/li>\n<li>Concierto \u00abCantar para melhor agir\u00bb para conmemorar el centenario del revolucionario Alm\u00edcar Cabral.<\/li>\n<\/ul>\n<p><strong>\u00a0<\/strong><\/p>\n<p>s\u00e1bado 8 junio 21h30<\/p>\n<ul>\n<li>Tigan\u00e1 Santana invita a Mayra Andrade, Lenna Bahule (Brasil \/ Cabo Verde \/ Mozambique)<\/li>\n<\/ul>\n<p>&nbsp;<\/p>\n<p>F\u00f3rum Municipal Luisa Todi, Set\u00fabal, Portugal<\/p>\n","protected":false},"excerpt":{"rendered":"<p>El Festival L\u00edngua Terra pretende celebrar la riqueza de la lengua portuguesa y fomentar las conexiones y los intercambios culturales a trav\u00e9s de un variado programa repleto de conciertos musicales, exposiciones y cine. El objetivo del evento es presentar la diversidad cultural (y de artistas) de la lengua portuguesa y celebrar el idioma como s\u00edmbolo [&hellip;]<\/p>\n","protected":false},"author":7,"featured_media":18818,"comment_status":"closed","ping_status":"closed","sticky":false,"template":"","format":"standard","meta":{"footnotes":""},"categories":[53],"tags":[],"class_list":["post-18817","post","type-post","status-publish","format-standard","has-post-thumbnail","hentry","category-noticias-generales"],"lang":"es","translations":{"es":18817,"pt":18820},"pll_sync_post":[],"post_mailing_queue_ids":[],"_links":{"self":[{"href":"http:\/\/staging.ibermusicas.org\/index.php\/wp-json\/wp\/v2\/posts\/18817","targetHints":{"allow":["GET"]}}],"collection":[{"href":"http:\/\/staging.ibermusicas.org\/index.php\/wp-json\/wp\/v2\/posts"}],"about":[{"href":"http:\/\/staging.ibermusicas.org\/index.php\/wp-json\/wp\/v2\/types\/post"}],"author":[{"embeddable":true,"href":"http:\/\/staging.ibermusicas.org\/index.php\/wp-json\/wp\/v2\/users\/7"}],"replies":[{"embeddable":true,"href":"http:\/\/staging.ibermusicas.org\/index.php\/wp-json\/wp\/v2\/comments?post=18817"}],"version-history":[{"count":1,"href":"http:\/\/staging.ibermusicas.org\/index.php\/wp-json\/wp\/v2\/posts\/18817\/revisions"}],"predecessor-version":[{"id":18819,"href":"http:\/\/staging.ibermusicas.org\/index.php\/wp-json\/wp\/v2\/posts\/18817\/revisions\/18819"}],"wp:featuredmedia":[{"embeddable":true,"href":"http:\/\/staging.ibermusicas.org\/index.php\/wp-json\/wp\/v2\/media\/18818"}],"wp:attachment":[{"href":"http:\/\/staging.ibermusicas.org\/index.php\/wp-json\/wp\/v2\/media?parent=18817"}],"wp:term":[{"taxonomy":"category","embeddable":true,"href":"http:\/\/staging.ibermusicas.org\/index.php\/wp-json\/wp\/v2\/categories?post=18817"},{"taxonomy":"post_tag","embeddable":true,"href":"http:\/\/staging.ibermusicas.org\/index.php\/wp-json\/wp\/v2\/tags?post=18817"}],"curies":[{"name":"wp","href":"https:\/\/api.w.org\/{rel}","templated":true}]}}