{"id":18820,"date":"2024-06-03T17:24:44","date_gmt":"2024-06-03T17:24:44","guid":{"rendered":"http:\/\/staging.ibermusicas.org\/?p=18820"},"modified":"2024-06-03T17:24:44","modified_gmt":"2024-06-03T17:24:44","slug":"esta-prestes-a-comecar-a-4-a-edicao-do-festival-lingua-terra-em-setubal-portugal","status":"publish","type":"post","link":"http:\/\/staging.ibermusicas.org\/index.php\/esta-prestes-a-comecar-a-4-a-edicao-do-festival-lingua-terra-em-setubal-portugal\/","title":{"rendered":"Est\u00e1 prestes a come\u00e7ar a 4.\u00aa edi\u00e7\u00e3o do Festival L\u00edngua Terra em Set\u00fabal, Portugal"},"content":{"rendered":"<p>O Festival L\u00edngua Terra procura celebrar a riqueza da l\u00edngua portuguesa e promover conex\u00f5es e interc\u00e2mbios culturais atrav\u00e9s de uma programa\u00e7\u00e3o diversificada, repleta de concertos musicais, exposi\u00e7\u00f5es e cinema. O objetivo do evento \u00e9 apresentar a diversidade cultural (e os artistas) da l\u00edngua portuguesa e celebrar a l\u00edngua como um s\u00edmbolo de uni\u00e3o entre povos.<\/p>\n<p>&nbsp;<\/p>\n<p>Os artistas convidados s\u00e3o o s\u00edmbolo da diversidade cultural e lingu\u00edstica unidas pelo idioma portugu\u00eas. O festival \u00e9 uma plataforma para criar conex\u00f5es po\u00e9ticas e est\u00e9ticas entre \u00c1frica, Europa e Am\u00e9rica Latina. O projeto visa romper fronteiras f\u00edsicas e simb\u00f3licas, resgatando conex\u00f5es ancestrais e promovendo reflex\u00f5es sobre a diversidade cultural.<\/p>\n<p>&nbsp;<\/p>\n<p>O festival L\u00edngua Terra foi vencedor do concurso Iberm\u00fasicas 2023 na categoria de Ajudas ao sector musical para a programa\u00e7\u00e3o ibero-americana<\/p>\n<p>&nbsp;<\/p>\n<p>&nbsp;<\/p>\n<p>s\u00e1bado 01 de junho 21h30<\/p>\n<ul>\n<li>Mart\u2019nalia + Moska (Brasil)<\/li>\n<\/ul>\n<p>&nbsp;<\/p>\n<p>sexta-feira 07 de junho 21h30<\/p>\n<ul>\n<li>Karyna Gomes convida Princezito, Renma e Prod\u00edgio (Guin\u00e9-Bissau \/ Cabo Verde \/ Angola)<\/li>\n<li>Concerto \u201cCantar para melhor agir\u201d em comemora\u00e7\u00e3o aos 100 anos do revolucion\u00e1rio Alm\u00edcar Cabral.<\/li>\n<\/ul>\n<p>&nbsp;<\/p>\n<p>s\u00e1bado 08 de junho 21h30<\/p>\n<ul>\n<li>Tigan\u00e1 Santana convida Mayra Andrade, Lenna Bahule (Brasil \/ Cabo-Verde \/ Mo\u00e7ambique)<\/li>\n<\/ul>\n<p>F\u00f3rum Municipal Luisa Todi, Set\u00fabal, Portugal<\/p>\n","protected":false},"excerpt":{"rendered":"<p>O Festival L\u00edngua Terra procura celebrar a riqueza da l\u00edngua portuguesa e promover conex\u00f5es e interc\u00e2mbios culturais atrav\u00e9s de uma programa\u00e7\u00e3o diversificada, repleta de concertos musicais, exposi\u00e7\u00f5es e cinema. O objetivo do evento \u00e9 apresentar a diversidade cultural (e os artistas) da l\u00edngua portuguesa e celebrar a l\u00edngua como um s\u00edmbolo de uni\u00e3o entre povos. [&hellip;]<\/p>\n","protected":false},"author":7,"featured_media":18818,"comment_status":"closed","ping_status":"closed","sticky":false,"template":"","format":"standard","meta":{"footnotes":""},"categories":[218],"tags":[],"class_list":["post-18820","post","type-post","status-publish","format-standard","has-post-thumbnail","hentry","category-noticias-generales-pt"],"lang":"pt","translations":{"pt":18820,"es":18817},"pll_sync_post":[],"post_mailing_queue_ids":[],"_links":{"self":[{"href":"http:\/\/staging.ibermusicas.org\/index.php\/wp-json\/wp\/v2\/posts\/18820","targetHints":{"allow":["GET"]}}],"collection":[{"href":"http:\/\/staging.ibermusicas.org\/index.php\/wp-json\/wp\/v2\/posts"}],"about":[{"href":"http:\/\/staging.ibermusicas.org\/index.php\/wp-json\/wp\/v2\/types\/post"}],"author":[{"embeddable":true,"href":"http:\/\/staging.ibermusicas.org\/index.php\/wp-json\/wp\/v2\/users\/7"}],"replies":[{"embeddable":true,"href":"http:\/\/staging.ibermusicas.org\/index.php\/wp-json\/wp\/v2\/comments?post=18820"}],"version-history":[{"count":1,"href":"http:\/\/staging.ibermusicas.org\/index.php\/wp-json\/wp\/v2\/posts\/18820\/revisions"}],"predecessor-version":[{"id":18821,"href":"http:\/\/staging.ibermusicas.org\/index.php\/wp-json\/wp\/v2\/posts\/18820\/revisions\/18821"}],"wp:featuredmedia":[{"embeddable":true,"href":"http:\/\/staging.ibermusicas.org\/index.php\/wp-json\/wp\/v2\/media\/18818"}],"wp:attachment":[{"href":"http:\/\/staging.ibermusicas.org\/index.php\/wp-json\/wp\/v2\/media?parent=18820"}],"wp:term":[{"taxonomy":"category","embeddable":true,"href":"http:\/\/staging.ibermusicas.org\/index.php\/wp-json\/wp\/v2\/categories?post=18820"},{"taxonomy":"post_tag","embeddable":true,"href":"http:\/\/staging.ibermusicas.org\/index.php\/wp-json\/wp\/v2\/tags?post=18820"}],"curies":[{"name":"wp","href":"https:\/\/api.w.org\/{rel}","templated":true}]}}