{"id":18832,"date":"2024-06-03T17:34:38","date_gmt":"2024-06-03T17:34:38","guid":{"rendered":"http:\/\/staging.ibermusicas.org\/?p=18832"},"modified":"2024-06-03T17:34:38","modified_gmt":"2024-06-03T17:34:38","slug":"la-expedicion-musical-2024-lleva-artistas-de-minas-gerais-brasil-a-alemania-2","status":"publish","type":"post","link":"http:\/\/staging.ibermusicas.org\/index.php\/la-expedicion-musical-2024-lleva-artistas-de-minas-gerais-brasil-a-alemania-2\/","title":{"rendered":"La Expedici\u00f3n Musical 2024 lleva artistas de Minas Gerais, Brasil a Alemania"},"content":{"rendered":"<p>Con el apoyo del Programa Iberm\u00fasicas, el Instituto Spix &amp; Martius promueve la octava edici\u00f3n de MUSIK &#8211; Expedici\u00f3n: Expedici\u00f3n Musical, y env\u00eda a Alemania un grupo de m\u00fasicos, investigadores y productores musicales de Minas Gerais. El grupo se unir\u00e1 a la Orquesta y Coro de la Universidad de Coblenza y al Coro G\u00fcrzenich-Chor de Colonia, dirigidos por Christian Jeub, director musical de ambas instituciones, para interpretar el concierto &#8216;Requiem&#8217; de Verdi en Rhein-Mosel-Halle, Coblenza y en la sede de la Filarm\u00f3nica de Berl\u00edn donde se unen a un tercer Coro, Konzertchor Friedenau Berlin formando un grupo de 900 m\u00fasicos dirigidos por Sergi Gili Sol\u00e9.<\/p>\n<p>&nbsp;<\/p>\n<p>La Residencia Art\u00edstica representa una valiosa oportunidad para el desarrollo internacional de las carreras de m\u00fasicos y profesionales de la cultura. Este proyecto ofrece apoyo y est\u00edmulo a la investigaci\u00f3n y experimentaci\u00f3n de artistas individuales o grupos, tanto si se encuentran en sus a\u00f1os de formaci\u00f3n como si ya est\u00e1n establecidos.<\/p>\n<p>&nbsp;<\/p>\n<p>El Intercambio Cultural promueve la solidarizaci\u00f3n de conocimientos, costumbres, habilidades e informaci\u00f3n entre Brasil y Alemania, especialmente en los \u00e1mbitos musical, cultural y acad\u00e9mico. Adem\u00e1s de tener una influencia definitiva en el desarrollo profesional y personal del individuo, este intercambio tambi\u00e9n contribuye al enriquecimiento intelectual, ampliando con cada experiencia la percepci\u00f3n global de los valores.<\/p>\n<p>&nbsp;<\/p>\n<p>Adem\u00e1s de participar en actuaciones musicales, el proyecto propone charlas y talleres para promover la cultura y la m\u00fasica brasile\u00f1as, as\u00ed como explorar nuevos enfoques musicales y estrategias digitales para difundir la m\u00fasica a trav\u00e9s del marketing digital. Estas actividades pretenden enriquecer tanto a la comunidad musical local como la experiencia del grupo.<\/p>\n<ul>\n<li>5 de junio, 16h15 Workshop de L\u00facio Barreto \u00abM\u00fasica Popular Brasile\u00f1a\u00bb, Universidad Koblenz, Alemania<\/li>\n<li>10 de junio, 11h15 Conferencia de Mar\u00eda Cec\u00edlia Beraldo \u00abMarketing Digital para la Promoci\u00f3n Cultural\u00bb, Universidad Koblenz, Alemania<\/li>\n<\/ul>\n","protected":false},"excerpt":{"rendered":"<p>Con el apoyo del Programa Iberm\u00fasicas, el Instituto Spix &amp; Martius promueve la octava edici\u00f3n de MUSIK &#8211; Expedici\u00f3n: Expedici\u00f3n Musical, y env\u00eda a Alemania un grupo de m\u00fasicos, investigadores y productores musicales de Minas Gerais. El grupo se unir\u00e1 a la Orquesta y Coro de la Universidad de Coblenza y al Coro G\u00fcrzenich-Chor de [&hellip;]<\/p>\n","protected":false},"author":7,"featured_media":18833,"comment_status":"closed","ping_status":"closed","sticky":false,"template":"","format":"standard","meta":{"footnotes":""},"categories":[53],"tags":[],"class_list":["post-18832","post","type-post","status-publish","format-standard","has-post-thumbnail","hentry","category-noticias-generales"],"lang":"es","translations":{"es":18832,"pt":18835},"pll_sync_post":[],"post_mailing_queue_ids":[],"_links":{"self":[{"href":"http:\/\/staging.ibermusicas.org\/index.php\/wp-json\/wp\/v2\/posts\/18832","targetHints":{"allow":["GET"]}}],"collection":[{"href":"http:\/\/staging.ibermusicas.org\/index.php\/wp-json\/wp\/v2\/posts"}],"about":[{"href":"http:\/\/staging.ibermusicas.org\/index.php\/wp-json\/wp\/v2\/types\/post"}],"author":[{"embeddable":true,"href":"http:\/\/staging.ibermusicas.org\/index.php\/wp-json\/wp\/v2\/users\/7"}],"replies":[{"embeddable":true,"href":"http:\/\/staging.ibermusicas.org\/index.php\/wp-json\/wp\/v2\/comments?post=18832"}],"version-history":[{"count":1,"href":"http:\/\/staging.ibermusicas.org\/index.php\/wp-json\/wp\/v2\/posts\/18832\/revisions"}],"predecessor-version":[{"id":18834,"href":"http:\/\/staging.ibermusicas.org\/index.php\/wp-json\/wp\/v2\/posts\/18832\/revisions\/18834"}],"wp:featuredmedia":[{"embeddable":true,"href":"http:\/\/staging.ibermusicas.org\/index.php\/wp-json\/wp\/v2\/media\/18833"}],"wp:attachment":[{"href":"http:\/\/staging.ibermusicas.org\/index.php\/wp-json\/wp\/v2\/media?parent=18832"}],"wp:term":[{"taxonomy":"category","embeddable":true,"href":"http:\/\/staging.ibermusicas.org\/index.php\/wp-json\/wp\/v2\/categories?post=18832"},{"taxonomy":"post_tag","embeddable":true,"href":"http:\/\/staging.ibermusicas.org\/index.php\/wp-json\/wp\/v2\/tags?post=18832"}],"curies":[{"name":"wp","href":"https:\/\/api.w.org\/{rel}","templated":true}]}}