{"id":18835,"date":"2024-06-03T17:36:11","date_gmt":"2024-06-03T17:36:11","guid":{"rendered":"http:\/\/staging.ibermusicas.org\/?p=18835"},"modified":"2024-06-03T17:36:11","modified_gmt":"2024-06-03T17:36:11","slug":"expedicao-musical-2024-leva-artistas-de-minas-gerais-brasil-para-a-alemanha-2","status":"publish","type":"post","link":"http:\/\/staging.ibermusicas.org\/index.php\/expedicao-musical-2024-leva-artistas-de-minas-gerais-brasil-para-a-alemanha-2\/","title":{"rendered":"Expedi\u00e7\u00e3o Musical 2024 leva artistas de Minas Gerais, Brasil para a Alemanha"},"content":{"rendered":"<p>Com o apoio do Programa Iberm\u00fasicas, o Instituto Spix &amp; Martius promove a oitava edi\u00e7\u00e3o da MUSIK &#8211; Expedition: Expedi\u00e7\u00e3o Musical, e envia um grupo de m\u00fasicos, pesquisadores e produtores musicais mineiros para a Alemanha. O grupo ir\u00e1 se juntar \u00e0 Orquestra e Coral da Universidade de Koblenz e o Coral G\u00fcrzenich-Chor de Col\u00f4nia, sob a reg\u00eancia de Christian Jeub, diretor musical de ambas institui\u00e7\u00f5es, para realiza\u00e7\u00e3o do concerto &#8216;Requiem&#8217; de Verdi na Rhein-Mosel-Halle, Koblenz e na sede da Filarm\u00f4nica de Berlim onde se juntam a um terceiro coral, Coral Konzertchor Friedenau Berlin, formando um grupo de 900 m\u00fasicos e se apresentam sob a reg\u00eancia de Sergi Gili Sol\u00e9.<\/p>\n<p>&nbsp;<\/p>\n<p>A Resid\u00eancia Art\u00edstica representa uma valiosa oportunidade para o desenvolvimento internacional das carreiras de m\u00fasicos e profissionais da cultura. Este projeto oferece suporte e est\u00edmulo \u00e0 pesquisa e experimenta\u00e7\u00e3o conduzidas por artistas individuais ou grupos, independentemente de estarem em fase de forma\u00e7\u00e3o ou j\u00e1 consolidados.<\/p>\n<p>&nbsp;<\/p>\n<p>O Interc\u00e2mbio Cultural promove a troca de conhecimentos, costumes, compet\u00eancias e informa\u00e7\u00f5es entre Brasil e Alemanha, destacando-se especialmente no \u00e2mbito musical, cultural e acad\u00eamico. Essa troca, al\u00e9m de influenciar o indiv\u00edduo de maneira definitiva em sua forma\u00e7\u00e3o profissional e pessoal, tamb\u00e9m contribui para o enriquecimento intelectual, ampliando a percep\u00e7\u00e3o global de valores a cada experi\u00eancia vivida.<\/p>\n<p>&nbsp;<\/p>\n<p>Al\u00e9m de participar das performances musicais, o projeto prop\u00f5e palestras e oficinas para promover a cultura e a m\u00fasica brasileira, bem como explorar novas abordagens musicais e estrat\u00e9gias digitais para difundir a m\u00fasica por meio do marketing digital. Essas atividades visam enriquecer tanto a comunidade musical local, quanto a experi\u00eancia do grupo.<\/p>\n<p>&nbsp;<\/p>\n<ul>\n<li>5 de junho, 16h15 Workshop de L\u00facio Barreto \u201cM\u00fasica Popular Brasileira\u201d, Universidade de Koblenz, Alemanha<\/li>\n<li>10 de junho, 11h15 Palestra de Maria Cec\u00edlia Beraldo \u201cMarketing digital para a promo\u00e7\u00e3o cultural\u201d, Universidade de Koblenz, Alemanha<\/li>\n<\/ul>\n","protected":false},"excerpt":{"rendered":"<p>Com o apoio do Programa Iberm\u00fasicas, o Instituto Spix &amp; Martius promove a oitava edi\u00e7\u00e3o da MUSIK &#8211; Expedition: Expedi\u00e7\u00e3o Musical, e envia um grupo de m\u00fasicos, pesquisadores e produtores musicais mineiros para a Alemanha. O grupo ir\u00e1 se juntar \u00e0 Orquestra e Coral da Universidade de Koblenz e o Coral G\u00fcrzenich-Chor de Col\u00f4nia, sob [&hellip;]<\/p>\n","protected":false},"author":7,"featured_media":18833,"comment_status":"closed","ping_status":"closed","sticky":false,"template":"","format":"standard","meta":{"footnotes":""},"categories":[218],"tags":[],"class_list":["post-18835","post","type-post","status-publish","format-standard","has-post-thumbnail","hentry","category-noticias-generales-pt"],"lang":"pt","translations":{"pt":18835,"es":18832},"pll_sync_post":[],"post_mailing_queue_ids":[],"_links":{"self":[{"href":"http:\/\/staging.ibermusicas.org\/index.php\/wp-json\/wp\/v2\/posts\/18835","targetHints":{"allow":["GET"]}}],"collection":[{"href":"http:\/\/staging.ibermusicas.org\/index.php\/wp-json\/wp\/v2\/posts"}],"about":[{"href":"http:\/\/staging.ibermusicas.org\/index.php\/wp-json\/wp\/v2\/types\/post"}],"author":[{"embeddable":true,"href":"http:\/\/staging.ibermusicas.org\/index.php\/wp-json\/wp\/v2\/users\/7"}],"replies":[{"embeddable":true,"href":"http:\/\/staging.ibermusicas.org\/index.php\/wp-json\/wp\/v2\/comments?post=18835"}],"version-history":[{"count":1,"href":"http:\/\/staging.ibermusicas.org\/index.php\/wp-json\/wp\/v2\/posts\/18835\/revisions"}],"predecessor-version":[{"id":18836,"href":"http:\/\/staging.ibermusicas.org\/index.php\/wp-json\/wp\/v2\/posts\/18835\/revisions\/18836"}],"wp:featuredmedia":[{"embeddable":true,"href":"http:\/\/staging.ibermusicas.org\/index.php\/wp-json\/wp\/v2\/media\/18833"}],"wp:attachment":[{"href":"http:\/\/staging.ibermusicas.org\/index.php\/wp-json\/wp\/v2\/media?parent=18835"}],"wp:term":[{"taxonomy":"category","embeddable":true,"href":"http:\/\/staging.ibermusicas.org\/index.php\/wp-json\/wp\/v2\/categories?post=18835"},{"taxonomy":"post_tag","embeddable":true,"href":"http:\/\/staging.ibermusicas.org\/index.php\/wp-json\/wp\/v2\/tags?post=18835"}],"curies":[{"name":"wp","href":"https:\/\/api.w.org\/{rel}","templated":true}]}}